{"id":2067,"date":"2017-03-13T15:01:09","date_gmt":"2017-03-13T15:01:09","guid":{"rendered":"http:\/\/clarapacquet.com\/?p=2067"},"modified":"2023-01-13T19:05:20","modified_gmt":"2023-01-13T19:05:20","slug":"presse-au-dela-des-etoiles-le-paysage-mystique-de-monet-a-kandinsky-paris-musee-dorsay","status":"publish","type":"post","link":"http:\/\/clarapacquet.com\/?p=2067&lang=fr","title":{"rendered":"[HORS-S\u00c9RIE] Au-del\u00e0 des \u00e9toiles. Le paysage mystique de Monet \u00e0 Kandinsky"},"content":{"rendered":"<p>Conception et r\u00e9daction du hors-s\u00e9rie de <a href=\"https:\/\/lobjet-dart-hors-serie.com\/numero-111\/au-dela-etoiles-paysage-mystique-monet-a-kandinsky.4687.php\" target=\"_blank\" rel=\"noopener noreferrer\"><em>L&#8217;Estampille \u2013 L&#8217;Objet d&#8217;art, <\/em>n\u00b0 111<\/a>, aux \u00e9ditions Faton, publi\u00e9 \u00e0 l&#8217;occasion de l&#8217;exposition au Mus\u00e9e d&#8217;Orsay \u00e0 Paris (14 mars &#8211; 25 juin 2017) <a href=\"http:\/\/www.musee-orsay.fr\/fr\/evenements\/expositions\/archives\/presentation-generale\/article\/au-dela-des-etoiles-44978.html?tx_ttnews%5BbackPid%5D=252&amp;cHash=6eb8893608\" target=\"_blank\" rel=\"noopener noreferrer\">Au-del\u00e0 des \u00e9toiles. Le paysage mystique de Monet \u00e0 Kandinsky<\/a>. Extrait du num\u00e9ro disponible <a href=\"http:\/\/publications.faton.fr\/flip-decouverte\/OD\/OD-HS111\/\" target=\"_blank\" rel=\"noopener noreferrer\">ici<\/a>.<\/p>\n<p style=\"text-align: left;\">*<\/p>\n<p><img loading=\"lazy\" decoding=\"async\" data-attachment-id=\"4938\" data-permalink=\"http:\/\/clarapacquet.com\/?attachment_id=4938\" data-orig-file=\"http:\/\/clarapacquet.com\/wp-content\/uploads\/2017\/03\/22_Paysage-mystique.png\" data-orig-size=\"550,747\" data-comments-opened=\"0\" data-image-meta=\"{&quot;aperture&quot;:&quot;0&quot;,&quot;credit&quot;:&quot;&quot;,&quot;camera&quot;:&quot;&quot;,&quot;caption&quot;:&quot;&quot;,&quot;created_timestamp&quot;:&quot;0&quot;,&quot;copyright&quot;:&quot;&quot;,&quot;focal_length&quot;:&quot;0&quot;,&quot;iso&quot;:&quot;0&quot;,&quot;shutter_speed&quot;:&quot;0&quot;,&quot;title&quot;:&quot;&quot;,&quot;orientation&quot;:&quot;0&quot;}\" data-image-title=\"22_Paysage mystique\" data-image-description=\"\" data-image-caption=\"\" data-medium-file=\"http:\/\/clarapacquet.com\/wp-content\/uploads\/2017\/03\/22_Paysage-mystique-221x300.png\" data-large-file=\"http:\/\/clarapacquet.com\/wp-content\/uploads\/2017\/03\/22_Paysage-mystique.png\" class=\"alignnone  wp-image-4938\" src=\"http:\/\/clarapacquet.com\/wp-content\/uploads\/2017\/03\/22_Paysage-mystique.png\" alt=\"\" width=\"395\" height=\"536\" srcset=\"http:\/\/clarapacquet.com\/wp-content\/uploads\/2017\/03\/22_Paysage-mystique.png 550w, http:\/\/clarapacquet.com\/wp-content\/uploads\/2017\/03\/22_Paysage-mystique-221x300.png 221w\" sizes=\"auto, (max-width: 395px) 100vw, 395px\" \/><\/p>\n","protected":false},"excerpt":{"rendered":"<p>Conception et r\u00e9daction du hors-s\u00e9rie de L&#8217;Estampille \u2013 L&#8217;Objet d&#8217;art, n\u00b0 111, aux \u00e9ditions Faton, publi\u00e9 \u00e0 l&#8217;occasion de l&#8217;exposition au Mus\u00e9e d&#8217;Orsay \u00e0 Paris (14 mars &#8211; 25 juin&hellip;<\/p>\n","protected":false},"author":1,"featured_media":3486,"comment_status":"closed","ping_status":"closed","sticky":false,"template":"","format":"standard","meta":{"jetpack_post_was_ever_published":false,"_jetpack_newsletter_access":"","_jetpack_dont_email_post_to_subs":true,"_jetpack_newsletter_tier_id":0,"_jetpack_memberships_contains_paywalled_content":false,"_jetpack_memberships_contains_paid_content":false,"footnotes":"","jetpack_publicize_message":"","jetpack_publicize_feature_enabled":true,"jetpack_social_post_already_shared":true,"jetpack_social_options":{"image_generator_settings":{"template":"highway","default_image_id":0,"font":"","enabled":false},"version":2}},"categories":[54,17],"tags":[378,41,22,376,35,514,530,528,532],"class_list":["post-2067","post","type-post","status-publish","format-standard","has-post-thumbnail","hentry","category-presse","category-publications","tag-abstraction","tag-exposition","tag-histoire-de-lart","tag-mystique","tag-ornement","tag-paul-gauguin","tag-paysage","tag-peinture","tag-symbolisme"],"jetpack_publicize_connections":[],"jetpack_featured_media_url":"http:\/\/clarapacquet.com\/wp-content\/uploads\/2017\/03\/paysagesmystiques.jpg","jetpack_sharing_enabled":true,"jetpack_shortlink":"https:\/\/wp.me\/p7PUdz-xl","jetpack-related-posts":[],"_links":{"self":[{"href":"http:\/\/clarapacquet.com\/index.php?rest_route=\/wp\/v2\/posts\/2067","targetHints":{"allow":["GET"]}}],"collection":[{"href":"http:\/\/clarapacquet.com\/index.php?rest_route=\/wp\/v2\/posts"}],"about":[{"href":"http:\/\/clarapacquet.com\/index.php?rest_route=\/wp\/v2\/types\/post"}],"author":[{"embeddable":true,"href":"http:\/\/clarapacquet.com\/index.php?rest_route=\/wp\/v2\/users\/1"}],"replies":[{"embeddable":true,"href":"http:\/\/clarapacquet.com\/index.php?rest_route=%2Fwp%2Fv2%2Fcomments&post=2067"}],"version-history":[{"count":29,"href":"http:\/\/clarapacquet.com\/index.php?rest_route=\/wp\/v2\/posts\/2067\/revisions"}],"predecessor-version":[{"id":4940,"href":"http:\/\/clarapacquet.com\/index.php?rest_route=\/wp\/v2\/posts\/2067\/revisions\/4940"}],"wp:featuredmedia":[{"embeddable":true,"href":"http:\/\/clarapacquet.com\/index.php?rest_route=\/wp\/v2\/media\/3486"}],"wp:attachment":[{"href":"http:\/\/clarapacquet.com\/index.php?rest_route=%2Fwp%2Fv2%2Fmedia&parent=2067"}],"wp:term":[{"taxonomy":"category","embeddable":true,"href":"http:\/\/clarapacquet.com\/index.php?rest_route=%2Fwp%2Fv2%2Fcategories&post=2067"},{"taxonomy":"post_tag","embeddable":true,"href":"http:\/\/clarapacquet.com\/index.php?rest_route=%2Fwp%2Fv2%2Ftags&post=2067"}],"curies":[{"name":"wp","href":"https:\/\/api.w.org\/{rel}","templated":true}]}}