{"id":3125,"date":"2018-01-11T14:55:13","date_gmt":"2018-01-11T14:55:13","guid":{"rendered":"http:\/\/clarapacquet.com\/?p=3125"},"modified":"2023-01-13T18:46:02","modified_gmt":"2023-01-13T18:46:02","slug":"press-les-hollandais-a-paris-2","status":"publish","type":"post","link":"http:\/\/clarapacquet.com\/?p=3125&lang=fr","title":{"rendered":"[HORS-S\u00c9RIE] Les Hollandais \u00e0 Paris"},"content":{"rendered":"<p>Participation au hors-s\u00e9rie <a href=\"https:\/\/lobjet-dart-hors-serie.com\/numero-121\/hollandais-a-paris.4909.php\" target=\"_blank\" rel=\"noopener\">N\u00b0121<\/a> de <em>L&#8217;Objet d&#8217;art<\/em> consacr\u00e9 \u00e0 l&#8217;exposition au Petit Palais <a href=\"http:\/\/www.petitpalais.paris.fr\/expositions\/les-hollandais-paris-1789-1914\" target=\"_blank\" rel=\"noopener\">&#8220;Les hollandais \u00e0 Paris, 1789-1914. Van Gogh \u2013 Van Dongen \u2013 Mondrian&#8221;<\/a> (6 f\u00e9vrier-13 mai 2018) avec deux textes: le premier d\u00e9di\u00e9 \u00e0 Kees Van Dongen, le second \u00e0 Piet Mondrian.<\/p>\n<p>Extrait du num\u00e9ro <a href=\"http:\/\/publications.faton.fr\/flip-decouverte\/OD\/OD-HS121\/\" target=\"_blank\" rel=\"noopener\">ici<\/a>.<\/p>\n<p><a href=\"https:\/\/www.estampille-objetdart.com\/numero-121\/hollandais-a-paris.4909.php\" target=\"_blank\" rel=\"noopener\"><img loading=\"lazy\" decoding=\"async\" data-attachment-id=\"3184\" data-permalink=\"http:\/\/clarapacquet.com\/?attachment_id=3184\" data-orig-file=\"http:\/\/clarapacquet.com\/wp-content\/uploads\/2018\/01\/Bildschirmfoto-2018-02-08-um-18.31.59.png\" data-orig-size=\"598,793\" data-comments-opened=\"0\" data-image-meta=\"{&quot;aperture&quot;:&quot;0&quot;,&quot;credit&quot;:&quot;&quot;,&quot;camera&quot;:&quot;&quot;,&quot;caption&quot;:&quot;&quot;,&quot;created_timestamp&quot;:&quot;0&quot;,&quot;copyright&quot;:&quot;&quot;,&quot;focal_length&quot;:&quot;0&quot;,&quot;iso&quot;:&quot;0&quot;,&quot;shutter_speed&quot;:&quot;0&quot;,&quot;title&quot;:&quot;&quot;,&quot;orientation&quot;:&quot;0&quot;}\" data-image-title=\"Bildschirmfoto 2018-02-08 um 18.31.59\" data-image-description=\"\" data-image-caption=\"\" data-medium-file=\"http:\/\/clarapacquet.com\/wp-content\/uploads\/2018\/01\/Bildschirmfoto-2018-02-08-um-18.31.59-226x300.png\" data-large-file=\"http:\/\/clarapacquet.com\/wp-content\/uploads\/2018\/01\/Bildschirmfoto-2018-02-08-um-18.31.59.png\" class=\"alignnone wp-image-3184\" src=\"http:\/\/clarapacquet.com\/wp-content\/uploads\/2018\/01\/Bildschirmfoto-2018-02-08-um-18.31.59.png\" alt=\"\" width=\"412\" height=\"547\" srcset=\"http:\/\/clarapacquet.com\/wp-content\/uploads\/2018\/01\/Bildschirmfoto-2018-02-08-um-18.31.59.png 598w, http:\/\/clarapacquet.com\/wp-content\/uploads\/2018\/01\/Bildschirmfoto-2018-02-08-um-18.31.59-226x300.png 226w\" sizes=\"auto, (max-width: 412px) 100vw, 412px\" \/><\/a><\/p>\n","protected":false},"excerpt":{"rendered":"<p>Participation au hors-s\u00e9rie N\u00b0121 de L&#8217;Objet d&#8217;art consacr\u00e9 \u00e0 l&#8217;exposition au Petit Palais &#8220;Les hollandais \u00e0 Paris, 1789-1914. Van Gogh \u2013 Van Dongen \u2013 Mondrian&#8221; (6 f\u00e9vrier-13 mai 2018) avec&hellip;<\/p>\n","protected":false},"author":1,"featured_media":3476,"comment_status":"closed","ping_status":"closed","sticky":false,"template":"","format":"standard","meta":{"jetpack_post_was_ever_published":false,"_jetpack_newsletter_access":"","_jetpack_dont_email_post_to_subs":false,"_jetpack_newsletter_tier_id":0,"_jetpack_memberships_contains_paywalled_content":false,"_jetpack_memberships_contains_paid_content":false,"footnotes":"","jetpack_publicize_message":"","jetpack_publicize_feature_enabled":true,"jetpack_social_post_already_shared":true,"jetpack_social_options":{"image_generator_settings":{"template":"highway","default_image_id":0,"font":"","enabled":false},"version":2}},"categories":[54,17],"tags":[],"class_list":["post-3125","post","type-post","status-publish","format-standard","has-post-thumbnail","hentry","category-presse","category-publications"],"jetpack_publicize_connections":[],"jetpack_featured_media_url":"http:\/\/clarapacquet.com\/wp-content\/uploads\/2018\/01\/Untitled-2-scaled.jpg","jetpack_sharing_enabled":true,"jetpack_shortlink":"https:\/\/wp.me\/p7PUdz-Op","jetpack-related-posts":[],"_links":{"self":[{"href":"http:\/\/clarapacquet.com\/index.php?rest_route=\/wp\/v2\/posts\/3125","targetHints":{"allow":["GET"]}}],"collection":[{"href":"http:\/\/clarapacquet.com\/index.php?rest_route=\/wp\/v2\/posts"}],"about":[{"href":"http:\/\/clarapacquet.com\/index.php?rest_route=\/wp\/v2\/types\/post"}],"author":[{"embeddable":true,"href":"http:\/\/clarapacquet.com\/index.php?rest_route=\/wp\/v2\/users\/1"}],"replies":[{"embeddable":true,"href":"http:\/\/clarapacquet.com\/index.php?rest_route=%2Fwp%2Fv2%2Fcomments&post=3125"}],"version-history":[{"count":10,"href":"http:\/\/clarapacquet.com\/index.php?rest_route=\/wp\/v2\/posts\/3125\/revisions"}],"predecessor-version":[{"id":4928,"href":"http:\/\/clarapacquet.com\/index.php?rest_route=\/wp\/v2\/posts\/3125\/revisions\/4928"}],"wp:featuredmedia":[{"embeddable":true,"href":"http:\/\/clarapacquet.com\/index.php?rest_route=\/wp\/v2\/media\/3476"}],"wp:attachment":[{"href":"http:\/\/clarapacquet.com\/index.php?rest_route=%2Fwp%2Fv2%2Fmedia&parent=3125"}],"wp:term":[{"taxonomy":"category","embeddable":true,"href":"http:\/\/clarapacquet.com\/index.php?rest_route=%2Fwp%2Fv2%2Fcategories&post=3125"},{"taxonomy":"post_tag","embeddable":true,"href":"http:\/\/clarapacquet.com\/index.php?rest_route=%2Fwp%2Fv2%2Ftags&post=3125"}],"curies":[{"name":"wp","href":"https:\/\/api.w.org\/{rel}","templated":true}]}}