{"id":3238,"date":"2018-03-01T16:30:01","date_gmt":"2018-03-01T16:30:01","guid":{"rendered":"http:\/\/clarapacquet.com\/?p=3238"},"modified":"2023-01-15T17:29:44","modified_gmt":"2023-01-15T17:29:44","slug":"conference-jean-rouch-et-les-choses","status":"publish","type":"post","link":"http:\/\/clarapacquet.com\/?p=3238&lang=fr","title":{"rendered":"[CONF\u00c9RENCE] Jean Rouch et les choses"},"content":{"rendered":"<div id=\"attachment_3239\" style=\"width: 810px\" class=\"wp-caption alignnone\"><img loading=\"lazy\" decoding=\"async\" aria-describedby=\"caption-attachment-3239\" data-attachment-id=\"3239\" data-permalink=\"http:\/\/clarapacquet.com\/?attachment_id=3239\" data-orig-file=\"http:\/\/clarapacquet.com\/wp-content\/uploads\/2018\/03\/cineuportrait_de_raymond_depardon_3_0.jpg\" data-orig-size=\"1024,578\" data-comments-opened=\"0\" data-image-meta=\"{&quot;aperture&quot;:&quot;0&quot;,&quot;credit&quot;:&quot;&quot;,&quot;camera&quot;:&quot;&quot;,&quot;caption&quot;:&quot;&quot;,&quot;created_timestamp&quot;:&quot;0&quot;,&quot;copyright&quot;:&quot;&quot;,&quot;focal_length&quot;:&quot;0&quot;,&quot;iso&quot;:&quot;0&quot;,&quot;shutter_speed&quot;:&quot;0&quot;,&quot;title&quot;:&quot;&quot;,&quot;orientation&quot;:&quot;0&quot;}\" data-image-title=\"cineportrait_depardon\" data-image-description=\"\" data-image-caption=\"\" data-medium-file=\"http:\/\/clarapacquet.com\/wp-content\/uploads\/2018\/03\/cineuportrait_de_raymond_depardon_3_0-300x169.jpg\" data-large-file=\"http:\/\/clarapacquet.com\/wp-content\/uploads\/2018\/03\/cineuportrait_de_raymond_depardon_3_0-1024x578.jpg\" class=\"wp-image-3239 size-large\" src=\"http:\/\/clarapacquet.com\/wp-content\/uploads\/2018\/03\/cineuportrait_de_raymond_depardon_3_0-1024x578.jpg\" alt=\"\" width=\"800\" height=\"452\" srcset=\"http:\/\/clarapacquet.com\/wp-content\/uploads\/2018\/03\/cineuportrait_de_raymond_depardon_3_0.jpg 1024w, http:\/\/clarapacquet.com\/wp-content\/uploads\/2018\/03\/cineuportrait_de_raymond_depardon_3_0-300x169.jpg 300w, http:\/\/clarapacquet.com\/wp-content\/uploads\/2018\/03\/cineuportrait_de_raymond_depardon_3_0-768x434.jpg 768w\" sizes=\"auto, (max-width: 800px) 100vw, 800px\" \/><p id=\"caption-attachment-3239\" class=\"wp-caption-text\">Cin\u00e9-portrait de Raymond Depardon par Jean Rouch et r\u00e9ciproquement (France, 1983)<\/p><\/div>\n<p>Intervention dans le s\u00e9minaire de Laurence Bertrand Dorl\u00e9ac &#8220;Arts &amp; Soci\u00e9t\u00e9s&#8221;, consacr\u00e9 cette ann\u00e9e au th\u00e8me &#8220;des choses&#8221;.<\/p>\n<p>Si <em>Les Choses<\/em>&nbsp;de Perec seront mentionn\u00e9es, il s&#8217;agira d&#8217;envisager le lien de Rouch aux choses dans le contexte global des ann\u00e9es 1960.&nbsp;Dans une filiation \u00e0 dada et au surr\u00e9alisme, la mani\u00e8re dont le cin\u00e9aste envisage les choses avec sa cam\u00e9ra nous renseigne sur sa m\u00e9thode po\u00e9tico-scientifique, presque animiste, consistant \u00e0 faire communiquer des mondes que la tradition m\u00e9taphysique occidentale a toujours s\u00e9par\u00e9s.<\/p>\n<p>Mercredi 7 mars, 17h-19h. Programme d\u00e9taill\u00e9 <a href=\"http:\/\/chsp.sciences-po.fr\/evenement\/arts-et-societes-clara-pacquet\" target=\"_blank\" rel=\"noopener noreferrer\">ici<\/a>.<\/p>\n<p><img loading=\"lazy\" decoding=\"async\" data-attachment-id=\"3240\" data-permalink=\"http:\/\/clarapacquet.com\/?attachment_id=3240\" data-orig-file=\"http:\/\/clarapacquet.com\/wp-content\/uploads\/2018\/03\/efe3dae56705e9c0651971a297e309f9-e1673803478780.jpg\" data-orig-size=\"675,1014\" data-comments-opened=\"0\" data-image-meta=\"{&quot;aperture&quot;:&quot;0&quot;,&quot;credit&quot;:&quot;&quot;,&quot;camera&quot;:&quot;&quot;,&quot;caption&quot;:&quot;&quot;,&quot;created_timestamp&quot;:&quot;0&quot;,&quot;copyright&quot;:&quot;&quot;,&quot;focal_length&quot;:&quot;0&quot;,&quot;iso&quot;:&quot;0&quot;,&quot;shutter_speed&quot;:&quot;0&quot;,&quot;title&quot;:&quot;&quot;,&quot;orientation&quot;:&quot;1&quot;}\" data-image-title=\"les choses\" data-image-description=\"\" data-image-caption=\"\" data-medium-file=\"http:\/\/clarapacquet.com\/wp-content\/uploads\/2018\/03\/efe3dae56705e9c0651971a297e309f9-e1673803478780-200x300.jpg\" data-large-file=\"http:\/\/clarapacquet.com\/wp-content\/uploads\/2018\/03\/efe3dae56705e9c0651971a297e309f9-587x1024.jpg\" class=\"alignnone wp-image-3240\" src=\"http:\/\/clarapacquet.com\/wp-content\/uploads\/2018\/03\/efe3dae56705e9c0651971a297e309f9-587x1024.jpg\" alt=\"\" width=\"388\" height=\"677\"><\/p>\n","protected":false},"excerpt":{"rendered":"<p>Intervention dans le s\u00e9minaire de Laurence Bertrand Dorl\u00e9ac &#8220;Arts &amp; Soci\u00e9t\u00e9s&#8221;, consacr\u00e9 cette ann\u00e9e au th\u00e8me &#8220;des choses&#8221;. Si Les Choses&nbsp;de Perec seront mentionn\u00e9es, il s&#8217;agira d&#8217;envisager le lien de&hellip;<\/p>\n","protected":false},"author":1,"featured_media":4974,"comment_status":"closed","ping_status":"closed","sticky":false,"template":"","format":"standard","meta":{"jetpack_post_was_ever_published":false,"_jetpack_newsletter_access":"","_jetpack_dont_email_post_to_subs":false,"_jetpack_newsletter_tier_id":0,"_jetpack_memberships_contains_paywalled_content":false,"_jetpack_memberships_contains_paid_content":false,"footnotes":"","jetpack_publicize_message":"","jetpack_publicize_feature_enabled":true,"jetpack_social_post_already_shared":true,"jetpack_social_options":{"image_generator_settings":{"template":"highway","default_image_id":0,"font":"","enabled":false},"version":2}},"categories":[46,16,56,609],"tags":[],"class_list":["post-3238","post","type-post","status-publish","format-standard","has-post-thumbnail","hentry","category-46","category-cinemas","category-contributions","category-recherche"],"jetpack_publicize_connections":[],"jetpack_featured_media_url":"http:\/\/clarapacquet.com\/wp-content\/uploads\/2018\/03\/838-perec-georges_a444b61632.jpeg","jetpack_sharing_enabled":true,"jetpack_shortlink":"https:\/\/wp.me\/p7PUdz-Qe","jetpack-related-posts":[],"_links":{"self":[{"href":"http:\/\/clarapacquet.com\/index.php?rest_route=\/wp\/v2\/posts\/3238","targetHints":{"allow":["GET"]}}],"collection":[{"href":"http:\/\/clarapacquet.com\/index.php?rest_route=\/wp\/v2\/posts"}],"about":[{"href":"http:\/\/clarapacquet.com\/index.php?rest_route=\/wp\/v2\/types\/post"}],"author":[{"embeddable":true,"href":"http:\/\/clarapacquet.com\/index.php?rest_route=\/wp\/v2\/users\/1"}],"replies":[{"embeddable":true,"href":"http:\/\/clarapacquet.com\/index.php?rest_route=%2Fwp%2Fv2%2Fcomments&post=3238"}],"version-history":[{"count":7,"href":"http:\/\/clarapacquet.com\/index.php?rest_route=\/wp\/v2\/posts\/3238\/revisions"}],"predecessor-version":[{"id":4449,"href":"http:\/\/clarapacquet.com\/index.php?rest_route=\/wp\/v2\/posts\/3238\/revisions\/4449"}],"wp:featuredmedia":[{"embeddable":true,"href":"http:\/\/clarapacquet.com\/index.php?rest_route=\/wp\/v2\/media\/4974"}],"wp:attachment":[{"href":"http:\/\/clarapacquet.com\/index.php?rest_route=%2Fwp%2Fv2%2Fmedia&parent=3238"}],"wp:term":[{"taxonomy":"category","embeddable":true,"href":"http:\/\/clarapacquet.com\/index.php?rest_route=%2Fwp%2Fv2%2Fcategories&post=3238"},{"taxonomy":"post_tag","embeddable":true,"href":"http:\/\/clarapacquet.com\/index.php?rest_route=%2Fwp%2Fv2%2Ftags&post=3238"}],"curies":[{"name":"wp","href":"https:\/\/api.w.org\/{rel}","templated":true}]}}