{"id":3375,"date":"2018-04-27T14:00:03","date_gmt":"2018-04-27T14:00:03","guid":{"rendered":"http:\/\/clarapacquet.com\/?p=3375"},"modified":"2020-07-30T16:46:46","modified_gmt":"2020-07-30T16:46:46","slug":"presse-wilde-seelen","status":"publish","type":"post","link":"http:\/\/clarapacquet.com\/?p=3375&lang=de","title":{"rendered":"[SONDERHEFT] Wilde Seelen"},"content":{"rendered":"<div class=\"page\" title=\"Page 4\">\n<div class=\"section\">\n<div class=\"layoutArea\">\n<div class=\"column\">\n<p>Beitrag zum Sonderheft von\u00a0<em>L&#8217;Objet d&#8217;art<\/em>\u00a0Nr.\u00a0<a href=\"https:\/\/lobjet-dart-hors-serie.com\/numero-124\/ames-sauvages-symbolisme-pays-baltes.4965.php\" target=\"_blank\" rel=\"noopener noreferrer\">124<\/a> (April 2018) anl\u00e4sslich der Ausstellung &#8220;<a href=\"http:\/\/www.musee-orsay.fr\/de\/veranstaltungen\/ausstellungen\/in-museen\/ausstellungen-im-musee-dorsay\/article\/ames-sauvages-46485.html?cHash=2aec2c7d01\" target=\"_blank\" rel=\"noopener noreferrer\">Wilde Seelen. Der Symbolismus in den baltischen L\u00e4ndern<\/a>&#8221; im Mus\u00e9e d&#8217;Orsay (10. April-15. Juli 2018) mit zwei Texten \u201eDes portraits pour exprimer une a\u0302me\u201c und \u201eMobilisation ge\u0301ne\u0301rale dans la presse et l\u2019e\u0301dition\u201c, S. 50-57.<\/p>\n<p>Leseprobe\u00a0<a href=\"http:\/\/publications.faton.fr\/flip-decouverte\/OD\/OD-HS124\/\" target=\"_blank\" rel=\"noopener noreferrer\">hier<\/a>.<\/p>\n<p><a href=\"https:\/\/www.estampille-objetdart.com\/numero-124\/ames-sauvages-symbolisme-pays-baltes.4965.php\" target=\"_blank\" rel=\"noopener noreferrer\"><img loading=\"lazy\" decoding=\"async\" data-attachment-id=\"3371\" data-permalink=\"http:\/\/clarapacquet.com\/?attachment_id=3371\" data-orig-file=\"http:\/\/clarapacquet.com\/wp-content\/uploads\/2018\/04\/Bildschirmfoto-2018-04-27-um-15.55.58.png\" data-orig-size=\"548,746\" data-comments-opened=\"0\" data-image-meta=\"{&quot;aperture&quot;:&quot;0&quot;,&quot;credit&quot;:&quot;&quot;,&quot;camera&quot;:&quot;&quot;,&quot;caption&quot;:&quot;&quot;,&quot;created_timestamp&quot;:&quot;0&quot;,&quot;copyright&quot;:&quot;&quot;,&quot;focal_length&quot;:&quot;0&quot;,&quot;iso&quot;:&quot;0&quot;,&quot;shutter_speed&quot;:&quot;0&quot;,&quot;title&quot;:&quot;&quot;,&quot;orientation&quot;:&quot;0&quot;}\" data-image-title=\"Bildschirmfoto 2018-04-27 um 15.55.58\" data-image-description=\"\" data-image-caption=\"\" data-medium-file=\"http:\/\/clarapacquet.com\/wp-content\/uploads\/2018\/04\/Bildschirmfoto-2018-04-27-um-15.55.58-220x300.png\" data-large-file=\"http:\/\/clarapacquet.com\/wp-content\/uploads\/2018\/04\/Bildschirmfoto-2018-04-27-um-15.55.58.png\" class=\"alignnone wp-image-3371\" src=\"http:\/\/clarapacquet.com\/wp-content\/uploads\/2018\/04\/Bildschirmfoto-2018-04-27-um-15.55.58.png\" alt=\"\" width=\"344\" height=\"468\" srcset=\"http:\/\/clarapacquet.com\/wp-content\/uploads\/2018\/04\/Bildschirmfoto-2018-04-27-um-15.55.58.png 548w, http:\/\/clarapacquet.com\/wp-content\/uploads\/2018\/04\/Bildschirmfoto-2018-04-27-um-15.55.58-220x300.png 220w\" sizes=\"auto, (max-width: 344px) 100vw, 344px\" \/><\/a><\/p>\n<\/div>\n<\/div>\n<\/div>\n<\/div>\n","protected":false},"excerpt":{"rendered":"<p>Beitrag zum Sonderheft von\u00a0L&#8217;Objet d&#8217;art\u00a0Nr.\u00a0124 (April 2018) anl\u00e4sslich der Ausstellung &#8220;Wilde Seelen. Der Symbolismus in den baltischen L\u00e4ndern&#8221; im Mus\u00e9e d&#8217;Orsay (10. April-15. Juli 2018) mit zwei Texten \u201eDes portraits&hellip;<\/p>\n","protected":false},"author":1,"featured_media":3488,"comment_status":"closed","ping_status":"closed","sticky":false,"template":"","format":"standard","meta":{"jetpack_post_was_ever_published":false,"_jetpack_newsletter_access":"","_jetpack_dont_email_post_to_subs":false,"_jetpack_newsletter_tier_id":0,"_jetpack_memberships_contains_paywalled_content":false,"_jetpack_memberships_contains_paid_content":false,"footnotes":"","jetpack_publicize_message":"","jetpack_publicize_feature_enabled":true,"jetpack_social_post_already_shared":true,"jetpack_social_options":{"image_generator_settings":{"template":"highway","default_image_id":0,"font":"","enabled":false},"version":2}},"categories":[163,167],"tags":[231,251],"class_list":["post-3375","post","type-post","status-publish","format-standard","has-post-thumbnail","hentry","category-pressezeitschriften","category-publikationen","tag-kunstgeschichte","tag-ornament-de"],"jetpack_publicize_connections":[],"jetpack_featured_media_url":"http:\/\/clarapacquet.com\/wp-content\/uploads\/2018\/04\/Untitled-1-2-scaled.jpg","jetpack_sharing_enabled":true,"jetpack_shortlink":"https:\/\/wp.me\/p7PUdz-Sr","jetpack-related-posts":[],"_links":{"self":[{"href":"http:\/\/clarapacquet.com\/index.php?rest_route=\/wp\/v2\/posts\/3375","targetHints":{"allow":["GET"]}}],"collection":[{"href":"http:\/\/clarapacquet.com\/index.php?rest_route=\/wp\/v2\/posts"}],"about":[{"href":"http:\/\/clarapacquet.com\/index.php?rest_route=\/wp\/v2\/types\/post"}],"author":[{"embeddable":true,"href":"http:\/\/clarapacquet.com\/index.php?rest_route=\/wp\/v2\/users\/1"}],"replies":[{"embeddable":true,"href":"http:\/\/clarapacquet.com\/index.php?rest_route=%2Fwp%2Fv2%2Fcomments&post=3375"}],"version-history":[{"count":5,"href":"http:\/\/clarapacquet.com\/index.php?rest_route=\/wp\/v2\/posts\/3375\/revisions"}],"predecessor-version":[{"id":4360,"href":"http:\/\/clarapacquet.com\/index.php?rest_route=\/wp\/v2\/posts\/3375\/revisions\/4360"}],"wp:featuredmedia":[{"embeddable":true,"href":"http:\/\/clarapacquet.com\/index.php?rest_route=\/wp\/v2\/media\/3488"}],"wp:attachment":[{"href":"http:\/\/clarapacquet.com\/index.php?rest_route=%2Fwp%2Fv2%2Fmedia&parent=3375"}],"wp:term":[{"taxonomy":"category","embeddable":true,"href":"http:\/\/clarapacquet.com\/index.php?rest_route=%2Fwp%2Fv2%2Fcategories&post=3375"},{"taxonomy":"post_tag","embeddable":true,"href":"http:\/\/clarapacquet.com\/index.php?rest_route=%2Fwp%2Fv2%2Ftags&post=3375"}],"curies":[{"name":"wp","href":"https:\/\/api.w.org\/{rel}","templated":true}]}}