{"id":5115,"date":"2025-01-05T18:05:28","date_gmt":"2025-01-05T18:05:28","guid":{"rendered":"https:\/\/clarapacquet.com\/?p=5115"},"modified":"2025-02-02T11:09:52","modified_gmt":"2025-02-02T11:09:52","slug":"entretien","status":"publish","type":"post","link":"http:\/\/clarapacquet.com\/?p=5115&lang=fr","title":{"rendered":"[ENTRETIEN] Heinrich W\u00f6lfflin"},"content":{"rendered":"\n<p>Publication dans le num\u00e9ro <a href=\"https:\/\/journals.openedition.org\/critiquedart\/118409\" target=\"_blank\" rel=\"noreferrer noopener\">63\u00a0|\u00a0Automne\/hiver 2024<\/a>\u00a0de la revue\u00a0<a href=\"https:\/\/journals.openedition.org\/critiquedart\/118409\" target=\"_blank\" rel=\"noreferrer noopener\">CRITIQUE D&#8217;ART<\/a> d&#8217;un entretien avec R\u00e9mi Mermet et Giovanna Targia, \u00e0 propos des\u00a0<em>Principes fondamentaux de l\u2019histoire de l\u2019art<\/em>. Entretien men\u00e9 avec David Zerbib.<\/p>\n\n\n\n<figure class=\"wp-block-image size-full\"><img loading=\"lazy\" decoding=\"async\" width=\"600\" height=\"424\" data-attachment-id=\"5116\" data-permalink=\"http:\/\/clarapacquet.com\/?attachment_id=5116\" data-orig-file=\"http:\/\/clarapacquet.com\/wp-content\/uploads\/2025\/01\/image-1.png\" data-orig-size=\"600,424\" data-comments-opened=\"0\" data-image-meta=\"{&quot;aperture&quot;:&quot;0&quot;,&quot;credit&quot;:&quot;&quot;,&quot;camera&quot;:&quot;&quot;,&quot;caption&quot;:&quot;&quot;,&quot;created_timestamp&quot;:&quot;0&quot;,&quot;copyright&quot;:&quot;&quot;,&quot;focal_length&quot;:&quot;0&quot;,&quot;iso&quot;:&quot;0&quot;,&quot;shutter_speed&quot;:&quot;0&quot;,&quot;title&quot;:&quot;&quot;,&quot;orientation&quot;:&quot;0&quot;}\" data-image-title=\"image\" data-image-description=\"\" data-image-caption=\"\" data-medium-file=\"http:\/\/clarapacquet.com\/wp-content\/uploads\/2025\/01\/image-1-300x212.png\" data-large-file=\"http:\/\/clarapacquet.com\/wp-content\/uploads\/2025\/01\/image-1.png\" src=\"https:\/\/clarapacquet.com\/wp-content\/uploads\/2025\/01\/image-1.png\" alt=\"\" class=\"wp-image-5116\" srcset=\"http:\/\/clarapacquet.com\/wp-content\/uploads\/2025\/01\/image-1.png 600w, http:\/\/clarapacquet.com\/wp-content\/uploads\/2025\/01\/image-1-300x212.png 300w\" sizes=\"auto, (max-width: 600px) 100vw, 600px\" \/><\/figure>\n\n\n\n<p>Publi\u00e9 en 1915,\u00a0<em>Les Principes fondamentaux de l\u2019histoire de l\u2019art<\/em>\u00a0de Heinrich W\u00f6lfflin figure parmi les ouvrages les plus influents du XX<sup>e<\/sup>\u00a0si\u00e8cle pour la discipline. Il a connu de nombreuses r\u00e9\u00e9ditions du vivant de son auteur. Depuis 2015, ann\u00e9e marquant le centenaire de la publication, l\u2019\u0153uvre de l\u2019historien de l\u2019art suisse fait l\u2019objet d\u2019une actualit\u00e9 renouvel\u00e9e, incitant \u00e0 repenser sa lecture \u00e0 la lumi\u00e8re des d\u00e9bats contemporains. L\u2019ouvrage vient d\u2019\u00eatre r\u00e9\u00e9dit\u00e9 aux \u00e9ditions de L\u2019Ecarquill\u00e9. Parall\u00e8lement, l\u2019universit\u00e9 de Zurich pr\u00e9pare depuis pr\u00e8s d\u2019une d\u00e9cennie une \u00e9dition critique des \u0153uvres compl\u00e8tes, en version papier et num\u00e9rique, sous la direction de Tristan Weddigen, Oskar B\u00e4tschmann et Joris van Gastel.<\/p>\n\n\n\n<p>L\u2019occasion nous est donn\u00e9e de revisiter d\u2019un point de vue critique cette figure embl\u00e9matique. Pour ce faire, nous nous tournons vers deux jeunes chercheurs : R\u00e9mi Mermet, charg\u00e9 de recherches FNRS \u00e0 l\u2019UCLouvain Saint-Louis Bruxelles, docteur en philosophie et en histoire de l\u2019art, et Giovanna Targia, chercheuse postdoctorale \u00e0 l\u2019universit\u00e9 de Zurich, docteure en histoire de l\u2019art et membre de l\u2019\u00e9quipe \u00e9ditoriale des \u0153uvres compl\u00e8tes de W\u00f6lfflin. Comment les \u00ab principes fondamentaux \u00bb d\u2019une histoire de l\u2019art w\u00f6lfflinienne peuvent-ils aujourd\u2019hui se r\u00e9v\u00e9ler pertinents, \u00e0 une \u00e9poque o\u00f9 l\u2019histoire de l\u2019art se repense \u00e0 l\u2019aune des lectures critiques de l\u2019historiographie occidentale et o\u00f9 la conception m\u00eame de son objet \u2013 l\u2019art \u2013 est mise en question par des perspectives th\u00e9oriques qui en relativisent la signification et en dissolvent la sp\u00e9cificit\u00e9 au sein d\u2019un rapport d\u00e9hi\u00e9rarchis\u00e9 aux formes culturelles\u00a0?<\/p>\n","protected":false},"excerpt":{"rendered":"<p>Publication dans le num\u00e9ro 63\u00a0|\u00a0Automne\/hiver 2024\u00a0de la revue\u00a0CRITIQUE D&#8217;ART d&#8217;un entretien avec R\u00e9mi Mermet et Giovanna Targia, \u00e0 propos des\u00a0Principes fondamentaux de l\u2019histoire de l\u2019art. Entretien men\u00e9 avec David Zerbib.&hellip;<\/p>\n","protected":false},"author":1,"featured_media":5200,"comment_status":"closed","ping_status":"closed","sticky":false,"template":"","format":"standard","meta":{"jetpack_post_was_ever_published":false,"_jetpack_newsletter_access":"","_jetpack_dont_email_post_to_subs":false,"_jetpack_newsletter_tier_id":0,"_jetpack_memberships_contains_paywalled_content":false,"_jetpack_memberships_contains_paid_content":false,"footnotes":"","jetpack_publicize_message":"","jetpack_publicize_feature_enabled":true,"jetpack_social_post_already_shared":true,"jetpack_social_options":{"image_generator_settings":{"template":"highway","default_image_id":0,"font":"","enabled":false},"version":2}},"categories":[56,17,609],"tags":[22],"class_list":["post-5115","post","type-post","status-publish","format-standard","has-post-thumbnail","hentry","category-contributions","category-publications","category-recherche","tag-histoire-de-lart"],"jetpack_publicize_connections":[],"jetpack_featured_media_url":"http:\/\/clarapacquet.com\/wp-content\/uploads\/2025\/01\/HW-2.jpg","jetpack_sharing_enabled":true,"jetpack_shortlink":"https:\/\/wp.me\/p7PUdz-1kv","jetpack-related-posts":[],"_links":{"self":[{"href":"http:\/\/clarapacquet.com\/index.php?rest_route=\/wp\/v2\/posts\/5115","targetHints":{"allow":["GET"]}}],"collection":[{"href":"http:\/\/clarapacquet.com\/index.php?rest_route=\/wp\/v2\/posts"}],"about":[{"href":"http:\/\/clarapacquet.com\/index.php?rest_route=\/wp\/v2\/types\/post"}],"author":[{"embeddable":true,"href":"http:\/\/clarapacquet.com\/index.php?rest_route=\/wp\/v2\/users\/1"}],"replies":[{"embeddable":true,"href":"http:\/\/clarapacquet.com\/index.php?rest_route=%2Fwp%2Fv2%2Fcomments&post=5115"}],"version-history":[{"count":4,"href":"http:\/\/clarapacquet.com\/index.php?rest_route=\/wp\/v2\/posts\/5115\/revisions"}],"predecessor-version":[{"id":5122,"href":"http:\/\/clarapacquet.com\/index.php?rest_route=\/wp\/v2\/posts\/5115\/revisions\/5122"}],"wp:featuredmedia":[{"embeddable":true,"href":"http:\/\/clarapacquet.com\/index.php?rest_route=\/wp\/v2\/media\/5200"}],"wp:attachment":[{"href":"http:\/\/clarapacquet.com\/index.php?rest_route=%2Fwp%2Fv2%2Fmedia&parent=5115"}],"wp:term":[{"taxonomy":"category","embeddable":true,"href":"http:\/\/clarapacquet.com\/index.php?rest_route=%2Fwp%2Fv2%2Fcategories&post=5115"},{"taxonomy":"post_tag","embeddable":true,"href":"http:\/\/clarapacquet.com\/index.php?rest_route=%2Fwp%2Fv2%2Ftags&post=5115"}],"curies":[{"name":"wp","href":"https:\/\/api.w.org\/{rel}","templated":true}]}}