{"id":1758,"date":"2012-10-22T22:56:21","date_gmt":"2012-10-22T22:56:21","guid":{"rendered":"http:\/\/clarapacquet.com\/?p=1758"},"modified":"2017-05-27T14:23:45","modified_gmt":"2017-05-27T14:23:45","slug":"paper-lexperience-de-lhistoire","status":"publish","type":"post","link":"https:\/\/clarapacquet.com\/?p=1758&lang=en","title":{"rendered":"[PAPER] Experience of History"},"content":{"rendered":"<div id=\"attachment_605\" style=\"width: 415px\" class=\"wp-caption alignnone\"><img loading=\"lazy\" decoding=\"async\" aria-describedby=\"caption-attachment-605\" data-attachment-id=\"605\" data-permalink=\"https:\/\/clarapacquet.com\/?attachment_id=605\" data-orig-file=\"https:\/\/clarapacquet.com\/wp-content\/uploads\/2012\/10\/Bildschirmfoto-2016-09-24-um-14.42.58.png\" data-orig-size=\"539,685\" data-comments-opened=\"0\" data-image-meta=\"{&quot;aperture&quot;:&quot;0&quot;,&quot;credit&quot;:&quot;&quot;,&quot;camera&quot;:&quot;&quot;,&quot;caption&quot;:&quot;&quot;,&quot;created_timestamp&quot;:&quot;0&quot;,&quot;copyright&quot;:&quot;&quot;,&quot;focal_length&quot;:&quot;0&quot;,&quot;iso&quot;:&quot;0&quot;,&quot;shutter_speed&quot;:&quot;0&quot;,&quot;title&quot;:&quot;&quot;,&quot;orientation&quot;:&quot;0&quot;}\" data-image-title=\"bildschirmfoto-2016-09-24-um-14-42-58\" data-image-description=\"\" data-image-caption=\"\" data-medium-file=\"https:\/\/clarapacquet.com\/wp-content\/uploads\/2012\/10\/Bildschirmfoto-2016-09-24-um-14.42.58-236x300.png\" data-large-file=\"https:\/\/clarapacquet.com\/wp-content\/uploads\/2012\/10\/Bildschirmfoto-2016-09-24-um-14.42.58.png\" class=\"wp-image-605 \" src=\"http:\/\/clarapacquet.com\/wp-content\/uploads\/2012\/10\/Bildschirmfoto-2016-09-24-um-14.42.58.png\" alt=\"bildschirmfoto-2016-09-24-um-14-42-58\" width=\"405\" height=\"515\" srcset=\"https:\/\/clarapacquet.com\/wp-content\/uploads\/2012\/10\/Bildschirmfoto-2016-09-24-um-14.42.58.png 539w, https:\/\/clarapacquet.com\/wp-content\/uploads\/2012\/10\/Bildschirmfoto-2016-09-24-um-14.42.58-236x300.png 236w\" sizes=\"auto, (max-width: 405px) 100vw, 405px\" \/><p id=\"caption-attachment-605\" class=\"wp-caption-text\">Johann Heinrich Wilhelm Tischbein (1751-1829), &#8220;Johann Wolfgang von Goethe lisant dans chambre romaine&#8221;, plume sur papier, juin 1787.<\/p><\/div>\n<p><strong>C. Pacquet, \u00ab L\u2019expe\u0301rience de l\u2019histoire. Des rapports entre esthe\u0301tique et histoire de l\u2019art chez Karl Philipp Moritz, Johann Wolfgang Goethe et Johann Gottfried Herder \u00bb, in: Andreas Beyer und Danie\u0300le Cohn (dir.), <em>Die Kunst denken. Zu A\u0308sthetik und Kunstgeschichte,<\/em> Berlin \/ Mu\u0308nchen, Deutscher Kunstverlag, 2012, p. 81-95.<\/strong><\/p>\n<p><a href=\"https:\/\/www.academia.edu\/10122841\/Lexp%C3%A9rience_de_lhistoire\" target=\"_blank\" rel=\"noopener noreferrer\">Pour lire l&#8217;article dans sa totalit\u00e9.<\/a><\/p>\n<p>Acc\u00e8s \u00e0 la page de l&#8217;\u00e9diteur en cliquant sur l&#8217;image:<\/p>\n<p><a href=\"http:\/\/www.deutscherkunstverlag.de\/buch\/kunstwissenschaft-kunsttheorie\/buchdetail\/anzeige\/die-kunst-denken.html\" target=\"_blank\" rel=\"noopener noreferrer\"><img loading=\"lazy\" decoding=\"async\" data-attachment-id=\"505\" data-permalink=\"https:\/\/clarapacquet.com\/?attachment_id=505\" data-orig-file=\"https:\/\/clarapacquet.com\/wp-content\/uploads\/2016\/09\/Die-Kunst-denken-e1495885177235.jpg\" data-orig-size=\"800,1127\" data-comments-opened=\"0\" data-image-meta=\"{&quot;aperture&quot;:&quot;0&quot;,&quot;credit&quot;:&quot;&quot;,&quot;camera&quot;:&quot;&quot;,&quot;caption&quot;:&quot;&quot;,&quot;created_timestamp&quot;:&quot;0&quot;,&quot;copyright&quot;:&quot;&quot;,&quot;focal_length&quot;:&quot;0&quot;,&quot;iso&quot;:&quot;0&quot;,&quot;shutter_speed&quot;:&quot;0&quot;,&quot;title&quot;:&quot;&quot;,&quot;orientation&quot;:&quot;0&quot;}\" data-image-title=\"die-kunst-denken\" data-image-description=\"\" data-image-caption=\"\" data-medium-file=\"https:\/\/clarapacquet.com\/wp-content\/uploads\/2016\/09\/Die-Kunst-denken-213x300.jpg\" data-large-file=\"https:\/\/clarapacquet.com\/wp-content\/uploads\/2016\/09\/Die-Kunst-denken-727x1024.jpg\" class=\"alignnone wp-image-505\" src=\"http:\/\/clarapacquet.com\/wp-content\/uploads\/2016\/09\/Die-Kunst-denken-727x1024.jpg\" alt=\"die-kunst-denken\" width=\"300\" height=\"423\" \/><\/a><\/p>\n","protected":false},"excerpt":{"rendered":"<p>C. Pacquet, \u00ab L\u2019expe\u0301rience de l\u2019histoire. Des rapports entre esthe\u0301tique et histoire de l\u2019art chez Karl Philipp Moritz, Johann Wolfgang Goethe et Johann Gottfried Herder \u00bb, in: Andreas Beyer und&hellip;<\/p>\n","protected":false},"author":1,"featured_media":605,"comment_status":"closed","ping_status":"closed","sticky":false,"template":"","format":"standard","meta":{"jetpack_post_was_ever_published":false,"_jetpack_newsletter_access":"","_jetpack_dont_email_post_to_subs":true,"_jetpack_newsletter_tier_id":0,"_jetpack_memberships_contains_paywalled_content":false,"_jetpack_memberships_contains_paid_content":false,"footnotes":"","jetpack_publicize_message":"","jetpack_publicize_feature_enabled":true,"jetpack_social_post_already_shared":true,"jetpack_social_options":{"image_generator_settings":{"template":"highway","default_image_id":0,"font":"","enabled":false},"version":2}},"categories":[145,165],"tags":[213,229,233,239,120],"class_list":["post-1758","post","type-post","status-publish","format-standard","has-post-thumbnail","hentry","category-papers","category-publications-en","tag-aesthetics","tag-art-history","tag-johann-gottfried-herder-en","tag-johann-wolfgang-goethe-en","tag-karl-philipp-moritz-en"],"jetpack_publicize_connections":[],"jetpack_featured_media_url":"https:\/\/clarapacquet.com\/wp-content\/uploads\/2012\/10\/Bildschirmfoto-2016-09-24-um-14.42.58.png","jetpack_sharing_enabled":true,"jetpack_shortlink":"https:\/\/wp.me\/p7PUdz-sm","jetpack-related-posts":[],"_links":{"self":[{"href":"https:\/\/clarapacquet.com\/index.php?rest_route=\/wp\/v2\/posts\/1758","targetHints":{"allow":["GET"]}}],"collection":[{"href":"https:\/\/clarapacquet.com\/index.php?rest_route=\/wp\/v2\/posts"}],"about":[{"href":"https:\/\/clarapacquet.com\/index.php?rest_route=\/wp\/v2\/types\/post"}],"author":[{"embeddable":true,"href":"https:\/\/clarapacquet.com\/index.php?rest_route=\/wp\/v2\/users\/1"}],"replies":[{"embeddable":true,"href":"https:\/\/clarapacquet.com\/index.php?rest_route=%2Fwp%2Fv2%2Fcomments&post=1758"}],"version-history":[{"count":4,"href":"https:\/\/clarapacquet.com\/index.php?rest_route=\/wp\/v2\/posts\/1758\/revisions"}],"predecessor-version":[{"id":2437,"href":"https:\/\/clarapacquet.com\/index.php?rest_route=\/wp\/v2\/posts\/1758\/revisions\/2437"}],"wp:featuredmedia":[{"embeddable":true,"href":"https:\/\/clarapacquet.com\/index.php?rest_route=\/wp\/v2\/media\/605"}],"wp:attachment":[{"href":"https:\/\/clarapacquet.com\/index.php?rest_route=%2Fwp%2Fv2%2Fmedia&parent=1758"}],"wp:term":[{"taxonomy":"category","embeddable":true,"href":"https:\/\/clarapacquet.com\/index.php?rest_route=%2Fwp%2Fv2%2Fcategories&post=1758"},{"taxonomy":"post_tag","embeddable":true,"href":"https:\/\/clarapacquet.com\/index.php?rest_route=%2Fwp%2Fv2%2Ftags&post=1758"}],"curies":[{"name":"wp","href":"https:\/\/api.w.org\/{rel}","templated":true}]}}