{"id":179,"date":"2016-05-01T13:29:43","date_gmt":"2016-05-01T13:29:43","guid":{"rendered":"http:\/\/clarapacquet.com\/?p=179"},"modified":"2023-01-14T14:59:22","modified_gmt":"2023-01-14T14:59:22","slug":"lobjet-dart-hors-serie-paul-klee","status":"publish","type":"post","link":"https:\/\/clarapacquet.com\/?p=179&lang=fr","title":{"rendered":"[HORS-S\u00c9RIE] Paul Klee. L&#8217;ironie \u00e0 l&#8217;\u0153uvre"},"content":{"rendered":"<div class=\"mceTemp\">\u00a0<\/div>\n<p>\u00c0 l&#8217;occasion de l&#8217;exposition organis\u00e9e au Centre Pompidou autour de l&#8217;\u0153uvre de Paul Klee &#8220;L&#8217;ironie \u00e0 l&#8217;\u0153uvre&#8221;, les \u00e9ditions Faton ont publi\u00e9 un hors-s\u00e9rie (<em>L\u2019Estampille \u2013 L\u2019objet d\u2019art,<\/em> <a href=\"https:\/\/lobjet-dart-hors-serie.com\/numero-98\/paul-klee-l-ironie-a-l-oeuvre.4442.php\" target=\"_blank\" rel=\"noopener noreferrer\">n\u00b0 98<\/a>, avril 2016), auquel j&#8217;ai particip\u00e9 avec plusieurs articles:<\/p>\n<ul>\n<li>\u00ab Satire, caricature et grotesque. Les de\u0301buts de Klee \u00bb, p. 18-25.<\/li>\n<li>\u00ab Une bre\u0300ve histoire de l\u2019ironie \u00bb, p. 26-27.<\/li>\n<li>\u00ab Les illustrations de Candide, 1911-1912 \u00bb [arr\u00eat sur une \u0153uvre], p. 28-29.<\/li>\n<li>\u00ab Un mouvement perpe\u0301tuel. La nature pense\u0301e comme espace poe\u0301tique \u00bb,\u00a0p. 30-37.<\/li>\n<li>\u00ab L\u2019influence de Goethe sur l\u2019\u0153uvre de Klee \u00bb, p. 38-39.<\/li>\n<li>\u00ab Rhythmen einer Pflanzung \u00bb\u00a0[arr\u00eat sur une \u0153uvre], p. 40-41.<\/li>\n<li>\u00ab Angelus Novus \u00bb\u00a0[arr\u00eat sur une \u0153uvre], p. 48-49.<\/li>\n<li>\u00ab (Jugendlicher) Schauspieler = Maske \u00bb\u00a0[arr\u00eat sur une \u0153uvre], p. 50-51.<\/li>\n<\/ul>\n<p>Extrait num\u00e9ro disponible <a href=\"https:\/\/publications.faton.fr\/flip-decouverte\/OD\/OD-HS98\/files\/assets\/basic-html\/page-1.html#\" target=\"_blank\" rel=\"noopener noreferrer\">ici<\/a>.<\/p>\n\n\n<figure class=\"wp-block-image size-full\"><img loading=\"lazy\" decoding=\"async\" width=\"549\" height=\"730\" data-attachment-id=\"4969\" data-permalink=\"https:\/\/clarapacquet.com\/?attachment_id=4969\" data-orig-file=\"https:\/\/clarapacquet.com\/wp-content\/uploads\/2023\/01\/27_Paul-Klee.png\" data-orig-size=\"549,730\" data-comments-opened=\"0\" data-image-meta=\"{&quot;aperture&quot;:&quot;0&quot;,&quot;credit&quot;:&quot;&quot;,&quot;camera&quot;:&quot;&quot;,&quot;caption&quot;:&quot;&quot;,&quot;created_timestamp&quot;:&quot;0&quot;,&quot;copyright&quot;:&quot;&quot;,&quot;focal_length&quot;:&quot;0&quot;,&quot;iso&quot;:&quot;0&quot;,&quot;shutter_speed&quot;:&quot;0&quot;,&quot;title&quot;:&quot;&quot;,&quot;orientation&quot;:&quot;0&quot;}\" data-image-title=\"27_Paul-Klee\" data-image-description=\"\" data-image-caption=\"\" data-medium-file=\"https:\/\/clarapacquet.com\/wp-content\/uploads\/2023\/01\/27_Paul-Klee-226x300.png\" data-large-file=\"https:\/\/clarapacquet.com\/wp-content\/uploads\/2023\/01\/27_Paul-Klee.png\" src=\"http:\/\/clarapacquet.com\/wp-content\/uploads\/2023\/01\/27_Paul-Klee.png\" alt=\"\" class=\"wp-image-4969\" srcset=\"https:\/\/clarapacquet.com\/wp-content\/uploads\/2023\/01\/27_Paul-Klee.png 549w, https:\/\/clarapacquet.com\/wp-content\/uploads\/2023\/01\/27_Paul-Klee-226x300.png 226w\" sizes=\"auto, (max-width: 549px) 100vw, 549px\" \/><\/figure>\n","protected":false},"excerpt":{"rendered":"<p>\u00a0 \u00c0 l&#8217;occasion de l&#8217;exposition organis\u00e9e au Centre Pompidou autour de l&#8217;\u0153uvre de Paul Klee &#8220;L&#8217;ironie \u00e0 l&#8217;\u0153uvre&#8221;, les \u00e9ditions Faton ont publi\u00e9 un hors-s\u00e9rie (L\u2019Estampille \u2013 L\u2019objet d\u2019art, n\u00b0&hellip;<\/p>\n","protected":false},"author":1,"featured_media":820,"comment_status":"closed","ping_status":"closed","sticky":false,"template":"","format":"standard","meta":{"jetpack_post_was_ever_published":false,"_jetpack_newsletter_access":"","_jetpack_dont_email_post_to_subs":true,"_jetpack_newsletter_tier_id":0,"_jetpack_memberships_contains_paywalled_content":false,"_jetpack_memberships_contains_paid_content":false,"footnotes":"","jetpack_publicize_message":"","jetpack_publicize_feature_enabled":true,"jetpack_social_post_already_shared":true,"jetpack_social_options":{"image_generator_settings":{"template":"highway","default_image_id":0,"font":"","enabled":false},"version":2}},"categories":[54,17],"tags":[378,41,22,420],"class_list":["post-179","post","type-post","status-publish","format-standard","has-post-thumbnail","hentry","category-presse","category-publications","tag-abstraction","tag-exposition","tag-histoire-de-lart","tag-ironie-fr"],"jetpack_publicize_connections":[],"jetpack_featured_media_url":"https:\/\/clarapacquet.com\/wp-content\/uploads\/2016\/09\/klee-portfolio-1.jpg","jetpack_sharing_enabled":false,"jetpack_shortlink":"https:\/\/wp.me\/p7PUdz-2T","jetpack-related-posts":[],"_links":{"self":[{"href":"https:\/\/clarapacquet.com\/index.php?rest_route=\/wp\/v2\/posts\/179","targetHints":{"allow":["GET"]}}],"collection":[{"href":"https:\/\/clarapacquet.com\/index.php?rest_route=\/wp\/v2\/posts"}],"about":[{"href":"https:\/\/clarapacquet.com\/index.php?rest_route=\/wp\/v2\/types\/post"}],"author":[{"embeddable":true,"href":"https:\/\/clarapacquet.com\/index.php?rest_route=\/wp\/v2\/users\/1"}],"replies":[{"embeddable":true,"href":"https:\/\/clarapacquet.com\/index.php?rest_route=%2Fwp%2Fv2%2Fcomments&post=179"}],"version-history":[{"count":26,"href":"https:\/\/clarapacquet.com\/index.php?rest_route=\/wp\/v2\/posts\/179\/revisions"}],"predecessor-version":[{"id":4970,"href":"https:\/\/clarapacquet.com\/index.php?rest_route=\/wp\/v2\/posts\/179\/revisions\/4970"}],"wp:featuredmedia":[{"embeddable":true,"href":"https:\/\/clarapacquet.com\/index.php?rest_route=\/wp\/v2\/media\/820"}],"wp:attachment":[{"href":"https:\/\/clarapacquet.com\/index.php?rest_route=%2Fwp%2Fv2%2Fmedia&parent=179"}],"wp:term":[{"taxonomy":"category","embeddable":true,"href":"https:\/\/clarapacquet.com\/index.php?rest_route=%2Fwp%2Fv2%2Fcategories&post=179"},{"taxonomy":"post_tag","embeddable":true,"href":"https:\/\/clarapacquet.com\/index.php?rest_route=%2Fwp%2Fv2%2Ftags&post=179"}],"curies":[{"name":"wp","href":"https:\/\/api.w.org\/{rel}","templated":true}]}}