{"id":1814,"date":"2008-03-26T10:42:38","date_gmt":"2008-03-26T10:42:38","guid":{"rendered":"http:\/\/clarapacquet.com\/?p=1814"},"modified":"2017-05-29T09:36:25","modified_gmt":"2017-05-29T09:36:25","slug":"text-for-a-performance-poesie","status":"publish","type":"post","link":"https:\/\/clarapacquet.com\/?p=1814&lang=en","title":{"rendered":"[TEXT FOR A PERFORMANCE] PO\u00c9SIE"},"content":{"rendered":"<div data-canvas-width=\"699.0720000000001\">\n<div id=\"attachment_768\" style=\"width: 714px\" class=\"wp-caption alignnone\"><img loading=\"lazy\" decoding=\"async\" aria-describedby=\"caption-attachment-768\" data-attachment-id=\"768\" data-permalink=\"https:\/\/clarapacquet.com\/?attachment_id=768\" data-orig-file=\"https:\/\/clarapacquet.com\/wp-content\/uploads\/2008\/03\/poesie2-Kopie.png\" data-orig-size=\"1125,1637\" data-comments-opened=\"0\" data-image-meta=\"{&quot;aperture&quot;:&quot;0&quot;,&quot;credit&quot;:&quot;&quot;,&quot;camera&quot;:&quot;&quot;,&quot;caption&quot;:&quot;&quot;,&quot;created_timestamp&quot;:&quot;0&quot;,&quot;copyright&quot;:&quot;&quot;,&quot;focal_length&quot;:&quot;0&quot;,&quot;iso&quot;:&quot;0&quot;,&quot;shutter_speed&quot;:&quot;0&quot;,&quot;title&quot;:&quot;&quot;,&quot;orientation&quot;:&quot;0&quot;}\" data-image-title=\"poesie2-kopie\" data-image-description=\"\" data-image-caption=\"&lt;p&gt;Vue d&amp;#8217;ensemble du tract distibu\u00e9&lt;\/p&gt;\n\" data-medium-file=\"https:\/\/clarapacquet.com\/wp-content\/uploads\/2008\/03\/poesie2-Kopie-206x300.png\" data-large-file=\"https:\/\/clarapacquet.com\/wp-content\/uploads\/2008\/03\/poesie2-Kopie-704x1024.png\" class=\"size-large wp-image-768\" src=\"http:\/\/clarapacquet.com\/wp-content\/uploads\/2008\/03\/poesie2-Kopie-704x1024.png\" alt=\"Vue d'ensemble du tract distibu\u00e9\" width=\"704\" height=\"1024\" srcset=\"https:\/\/clarapacquet.com\/wp-content\/uploads\/2008\/03\/poesie2-Kopie-704x1024.png 704w, https:\/\/clarapacquet.com\/wp-content\/uploads\/2008\/03\/poesie2-Kopie-206x300.png 206w, https:\/\/clarapacquet.com\/wp-content\/uploads\/2008\/03\/poesie2-Kopie-768x1118.png 768w, https:\/\/clarapacquet.com\/wp-content\/uploads\/2008\/03\/poesie2-Kopie.png 1125w\" sizes=\"auto, (max-width: 704px) 100vw, 704px\" \/><p id=\"caption-attachment-768\" class=\"wp-caption-text\">Vue d&#8217;ensemble du tract distribu\u00e9<\/p><\/div>\n<\/div>\n<h6 data-canvas-width=\"699.0720000000001\"><strong>PO\u00c9SIE\u00a0(1)\u00a0<\/strong><strong>Th\u00e9\u00e2tre des Ateliers, festival Po\u00e9sie \/ Nuit, 7 mars 2008, Lyon.<\/strong><\/h6>\n<div data-canvas-width=\"873.9200000000001\">\n<div data-canvas-width=\"829.1519999999995\">PO\u00c9SIE\u00a0est une performance co-\u00e9crite par le r\u00e9alisateur <a href=\"http:\/\/nicolasboone.net\/\" target=\"_blank\" rel=\"noopener noreferrer\">Nicolas Boone<\/a> et l&#8217;artiste plasticien et performer <a href=\"http:\/\/www.zerodeux.fr\/guests\/mime-radio-de-benjamin-seror\/\" target=\"_blank\" rel=\"noopener noreferrer\">Benjamin Seror<\/a>. Cette pi\u00e8ce est construite en une succession\u00a0de tableaux, 13 au total, que l\u2019on pourrait lire comme un \u00e9clatement d\u2019une figure de la po\u00e9sie,\u00a0chaque tableau mettant en sc\u00e8ne une facette de cette figure \u00e0 travers un personnage ou une\u00a0situation. <a href=\"http:\/\/nicolasboone.net\/wp-content\/uploads\/2007\/03\/poesie2.pdf\" target=\"_blank\" rel=\"noopener noreferrer\">Lire la suite&#8230;<\/a><\/div>\n<p>Dans le cadre de PO\u00c9SIE, j&#8217;ai \u00e9t\u00e9 invit\u00e9e \u00e0 \u00e9crire le texte d&#8217;un tract distribu\u00e9 pendant la performance.<\/p>\n<\/div>\n<div data-canvas-width=\"829.1519999999995\">\u00a0<img loading=\"lazy\" decoding=\"async\" data-attachment-id=\"936\" data-permalink=\"https:\/\/clarapacquet.com\/?attachment_id=936\" data-orig-file=\"https:\/\/clarapacquet.com\/wp-content\/uploads\/2008\/03\/POESIE-A5-Kopie.jpg\" data-orig-size=\"536,844\" data-comments-opened=\"0\" data-image-meta=\"{&quot;aperture&quot;:&quot;0&quot;,&quot;credit&quot;:&quot;&quot;,&quot;camera&quot;:&quot;&quot;,&quot;caption&quot;:&quot;&quot;,&quot;created_timestamp&quot;:&quot;0&quot;,&quot;copyright&quot;:&quot;&quot;,&quot;focal_length&quot;:&quot;0&quot;,&quot;iso&quot;:&quot;0&quot;,&quot;shutter_speed&quot;:&quot;0&quot;,&quot;title&quot;:&quot;&quot;,&quot;orientation&quot;:&quot;0&quot;}\" data-image-title=\"poesie-a5-kopie\" data-image-description=\"\" data-image-caption=\"\" data-medium-file=\"https:\/\/clarapacquet.com\/wp-content\/uploads\/2008\/03\/POESIE-A5-Kopie-191x300.jpg\" data-large-file=\"https:\/\/clarapacquet.com\/wp-content\/uploads\/2008\/03\/POESIE-A5-Kopie.jpg\" class=\"alignnone size-full wp-image-936\" src=\"http:\/\/clarapacquet.com\/wp-content\/uploads\/2008\/03\/POESIE-A5-Kopie.jpg\" alt=\"poesie-a5-kopie\" width=\"536\" height=\"844\" srcset=\"https:\/\/clarapacquet.com\/wp-content\/uploads\/2008\/03\/POESIE-A5-Kopie.jpg 536w, https:\/\/clarapacquet.com\/wp-content\/uploads\/2008\/03\/POESIE-A5-Kopie-191x300.jpg 191w\" sizes=\"auto, (max-width: 536px) 100vw, 536px\" \/><\/div>\n<div data-canvas-width=\"829.1519999999995\"><\/div>\n","protected":false},"excerpt":{"rendered":"<p>PO\u00c9SIE\u00a0(1)\u00a0Th\u00e9\u00e2tre des Ateliers, festival Po\u00e9sie \/ Nuit, 7 mars 2008, Lyon. PO\u00c9SIE\u00a0est une performance co-\u00e9crite par le r\u00e9alisateur Nicolas Boone et l&#8217;artiste plasticien et performer Benjamin Seror. Cette pi\u00e8ce est&hellip;<\/p>\n","protected":false},"author":1,"featured_media":830,"comment_status":"closed","ping_status":"closed","sticky":false,"template":"","format":"standard","meta":{"jetpack_post_was_ever_published":false,"_jetpack_newsletter_access":"","_jetpack_dont_email_post_to_subs":true,"_jetpack_newsletter_tier_id":0,"_jetpack_memberships_contains_paywalled_content":false,"_jetpack_memberships_contains_paid_content":false,"footnotes":"","jetpack_publicize_message":"","jetpack_publicize_feature_enabled":true,"jetpack_social_post_already_shared":true,"jetpack_social_options":{"image_generator_settings":{"template":"highway","default_image_id":0,"font":"","enabled":false},"version":2}},"categories":[133,137],"tags":[185,255,369],"class_list":["post-1814","post","type-post","status-publish","format-standard","has-post-thumbnail","hentry","category-133","category-other-texts","tag-contemporary-art","tag-performance-en","tag-text-for-artists"],"jetpack_publicize_connections":[],"jetpack_featured_media_url":"https:\/\/clarapacquet.com\/wp-content\/uploads\/2016\/09\/poesie-portfolio.jpg","jetpack_sharing_enabled":true,"jetpack_shortlink":"https:\/\/wp.me\/p7PUdz-tg","jetpack-related-posts":[],"_links":{"self":[{"href":"https:\/\/clarapacquet.com\/index.php?rest_route=\/wp\/v2\/posts\/1814","targetHints":{"allow":["GET"]}}],"collection":[{"href":"https:\/\/clarapacquet.com\/index.php?rest_route=\/wp\/v2\/posts"}],"about":[{"href":"https:\/\/clarapacquet.com\/index.php?rest_route=\/wp\/v2\/types\/post"}],"author":[{"embeddable":true,"href":"https:\/\/clarapacquet.com\/index.php?rest_route=\/wp\/v2\/users\/1"}],"replies":[{"embeddable":true,"href":"https:\/\/clarapacquet.com\/index.php?rest_route=%2Fwp%2Fv2%2Fcomments&post=1814"}],"version-history":[{"count":2,"href":"https:\/\/clarapacquet.com\/index.php?rest_route=\/wp\/v2\/posts\/1814\/revisions"}],"predecessor-version":[{"id":2510,"href":"https:\/\/clarapacquet.com\/index.php?rest_route=\/wp\/v2\/posts\/1814\/revisions\/2510"}],"wp:featuredmedia":[{"embeddable":true,"href":"https:\/\/clarapacquet.com\/index.php?rest_route=\/wp\/v2\/media\/830"}],"wp:attachment":[{"href":"https:\/\/clarapacquet.com\/index.php?rest_route=%2Fwp%2Fv2%2Fmedia&parent=1814"}],"wp:term":[{"taxonomy":"category","embeddable":true,"href":"https:\/\/clarapacquet.com\/index.php?rest_route=%2Fwp%2Fv2%2Fcategories&post=1814"},{"taxonomy":"post_tag","embeddable":true,"href":"https:\/\/clarapacquet.com\/index.php?rest_route=%2Fwp%2Fv2%2Ftags&post=1814"}],"curies":[{"name":"wp","href":"https:\/\/api.w.org\/{rel}","templated":true}]}}