{"id":2223,"date":"2017-05-18T00:11:54","date_gmt":"2017-05-18T00:11:54","guid":{"rendered":"http:\/\/clarapacquet.com\/?p=2223"},"modified":"2018-05-13T13:17:30","modified_gmt":"2018-05-13T13:17:30","slug":"presse-100-jahre-de-stijl-die-malerei","status":"publish","type":"post","link":"https:\/\/clarapacquet.com\/?p=2223&lang=fr","title":{"rendered":"[PRESSE] Centenaire De Stijl &#8211; La peinture"},"content":{"rendered":"<p>&#8220;La peinture De Stijl. Plan, couleur, espace&#8221; (p. 12-23), contribution au <a href=\"http:\/\/www.dossier-art.com\/numero-249\/stijl-histoire-d-un-mouvement-d-avant-garde\/peinture-stijl-plan-couleur-espace.43204.php#article_43204\" target=\"_blank\" rel=\"noopener noreferrer\"><em>Dossier de l&#8217;art,<\/em> N\u00b0 249<\/a>, Mai 2017, d\u00e9di\u00e9 au\u00a0centenaire du mouvement De Stijl.<\/p>\n<p><em>Indissociables du programme global de refondation esth\u00e9tique de De Stijl, les recherches picturales disputent \u00e0 l\u2019architecture le r\u00f4le premier dans l\u2019\u00e9laboration d\u2019un langage universel. Piet Mondrian et Bart van der Leck incarnent deux p\u00f4les d\u2019une r\u00e9flexion qui vise \u00e0 mettre en tension la ligne, le plan, la couleur et la forme, pour cr\u00e9er les conditions d\u2019une nouvelle exp\u00e9rience visuelle.<\/em><\/p>\n<p>Extrait du num\u00e9ro disponible <a href=\"http:\/\/publications.faton.fr\/flip-decouverte\/DART\/DART-249\/\" target=\"_blank\" rel=\"noopener noreferrer\">ici<\/a>.<\/p>\n<p><a href=\"http:\/\/publications.faton.fr\/flip-decouverte\/DART\/DART-249\/\" target=\"_blank\" rel=\"noopener noreferrer\"><img loading=\"lazy\" decoding=\"async\" data-attachment-id=\"2279\" data-permalink=\"https:\/\/clarapacquet.com\/?attachment_id=2279\" data-orig-file=\"https:\/\/clarapacquet.com\/wp-content\/uploads\/2017\/04\/Bildschirmfoto-2017-05-15-um-14.41.26-e1495882175256.png\" data-orig-size=\"400,540\" data-comments-opened=\"0\" data-image-meta=\"{&quot;aperture&quot;:&quot;0&quot;,&quot;credit&quot;:&quot;&quot;,&quot;camera&quot;:&quot;&quot;,&quot;caption&quot;:&quot;&quot;,&quot;created_timestamp&quot;:&quot;0&quot;,&quot;copyright&quot;:&quot;&quot;,&quot;focal_length&quot;:&quot;0&quot;,&quot;iso&quot;:&quot;0&quot;,&quot;shutter_speed&quot;:&quot;0&quot;,&quot;title&quot;:&quot;&quot;,&quot;orientation&quot;:&quot;0&quot;}\" data-image-title=\"Bildschirmfoto 2017-05-15 um 14.41.26\" data-image-description=\"\" data-image-caption=\"\" data-medium-file=\"https:\/\/clarapacquet.com\/wp-content\/uploads\/2017\/04\/Bildschirmfoto-2017-05-15-um-14.41.26-222x300.png\" data-large-file=\"https:\/\/clarapacquet.com\/wp-content\/uploads\/2017\/04\/Bildschirmfoto-2017-05-15-um-14.41.26-e1495882175256.png\" class=\"alignnone wp-image-2279 size-medium\" src=\"http:\/\/clarapacquet.com\/wp-content\/uploads\/2017\/04\/Bildschirmfoto-2017-05-15-um-14.41.26-222x300.png\" alt=\"\" width=\"222\" height=\"300\" \/><\/a><\/p>\n","protected":false},"excerpt":{"rendered":"<p>&#8220;La peinture De Stijl. Plan, couleur, espace&#8221; (p. 12-23), contribution au Dossier de l&#8217;art, N\u00b0 249, Mai 2017, d\u00e9di\u00e9 au\u00a0centenaire du mouvement De Stijl. Indissociables du programme global de refondation&hellip;<\/p>\n","protected":false},"author":1,"featured_media":3481,"comment_status":"closed","ping_status":"closed","sticky":false,"template":"","format":"standard","meta":{"jetpack_post_was_ever_published":false,"_jetpack_newsletter_access":"","_jetpack_dont_email_post_to_subs":false,"_jetpack_newsletter_tier_id":0,"_jetpack_memberships_contains_paywalled_content":false,"_jetpack_memberships_contains_paid_content":false,"footnotes":"","jetpack_publicize_message":"","jetpack_publicize_feature_enabled":true,"jetpack_social_post_already_shared":true,"jetpack_social_options":{"image_generator_settings":{"template":"highway","default_image_id":0,"font":"","enabled":false},"version":2}},"categories":[54,17],"tags":[378,22,410],"class_list":["post-2223","post","type-post","status-publish","format-standard","has-post-thumbnail","hentry","category-presse","category-publications","tag-abstraction","tag-histoire-de-lart","tag-realisme"],"jetpack_publicize_connections":[],"jetpack_featured_media_url":"https:\/\/clarapacquet.com\/wp-content\/uploads\/2017\/05\/100b-scaled.jpg","jetpack_sharing_enabled":true,"jetpack_shortlink":"https:\/\/wp.me\/p7PUdz-zR","jetpack-related-posts":[],"_links":{"self":[{"href":"https:\/\/clarapacquet.com\/index.php?rest_route=\/wp\/v2\/posts\/2223","targetHints":{"allow":["GET"]}}],"collection":[{"href":"https:\/\/clarapacquet.com\/index.php?rest_route=\/wp\/v2\/posts"}],"about":[{"href":"https:\/\/clarapacquet.com\/index.php?rest_route=\/wp\/v2\/types\/post"}],"author":[{"embeddable":true,"href":"https:\/\/clarapacquet.com\/index.php?rest_route=\/wp\/v2\/users\/1"}],"replies":[{"embeddable":true,"href":"https:\/\/clarapacquet.com\/index.php?rest_route=%2Fwp%2Fv2%2Fcomments&post=2223"}],"version-history":[{"count":8,"href":"https:\/\/clarapacquet.com\/index.php?rest_route=\/wp\/v2\/posts\/2223\/revisions"}],"predecessor-version":[{"id":2352,"href":"https:\/\/clarapacquet.com\/index.php?rest_route=\/wp\/v2\/posts\/2223\/revisions\/2352"}],"wp:featuredmedia":[{"embeddable":true,"href":"https:\/\/clarapacquet.com\/index.php?rest_route=\/wp\/v2\/media\/3481"}],"wp:attachment":[{"href":"https:\/\/clarapacquet.com\/index.php?rest_route=%2Fwp%2Fv2%2Fmedia&parent=2223"}],"wp:term":[{"taxonomy":"category","embeddable":true,"href":"https:\/\/clarapacquet.com\/index.php?rest_route=%2Fwp%2Fv2%2Fcategories&post=2223"},{"taxonomy":"post_tag","embeddable":true,"href":"https:\/\/clarapacquet.com\/index.php?rest_route=%2Fwp%2Fv2%2Ftags&post=2223"}],"curies":[{"name":"wp","href":"https:\/\/api.w.org\/{rel}","templated":true}]}}