{"id":2671,"date":"2017-07-11T11:26:37","date_gmt":"2017-07-11T11:26:37","guid":{"rendered":"http:\/\/clarapacquet.com\/?p=2671"},"modified":"2017-09-08T11:12:32","modified_gmt":"2017-09-08T11:12:32","slug":"presse-gauguin-lalchimiste","status":"publish","type":"post","link":"https:\/\/clarapacquet.com\/?p=2671&lang=fr","title":{"rendered":"[PRESSE] Gauguin l&#8217;alchimiste"},"content":{"rendered":"<p>&#8220;Peindre apr\u00e8s Gauguin&#8221;<br \/>\nArticle paru dans le\u00a0<em>Dossier de l&#8217;art<\/em>\u00a0<a href=\"http:\/\/www.dossier-art.com\/numero-252\/gauguin-l-alchimiste.4773.php\" target=\"_blank\" rel=\"noopener\">N\u00b0 252<\/a> (septembre 2017) consacr\u00e9 \u00e0 l&#8217;exposition <a href=\"http:\/\/www.grandpalais.fr\/fr\/evenement\/gauguin-lalchimiste\" target=\"_blank\" rel=\"noopener\">&#8220;Gauguin l&#8217;alchimiste&#8221;<\/a> pr\u00e9sent\u00e9e au Grand Palais du 11 octobre 2017 au 22 janvier 2018.<\/p>\n<p><em>\u00c0 travers son \u0153uvre mais aussi ses \u00e9crits, Gauguin a voulu lib\u00e9rer l\u2019art du carcan r\u00e9aliste et proposer, tel un alchimiste, une vision qui sache r\u00e9concilier la mati\u00e8re et l\u2019esprit. Porteuses d\u2019une complexit\u00e9 fertile tant au plan esth\u00e9tique que moral, ses recherches picturales ont d\u00e9pass\u00e9 simultan\u00e9ment le symbolisme et l\u2019impressionnisme et ouvert la voie au fauvisme, \u00e0 l\u2019expressionnisme, au cubisme et au surr\u00e9alisme.<\/em><\/p>\n<p>Extrait du num\u00e9ro disponible <a href=\"http:\/\/publications.faton.fr\/flip-decouverte\/DART\/DART-252\/#1\" target=\"_blank\" rel=\"noopener\">ici<\/a>.<\/p>\n<p><a href=\"http:\/\/publications.faton.fr\/flip-decouverte\/DART\/DART-252\/#1\" target=\"_blank\" rel=\"noopener\"><img loading=\"lazy\" decoding=\"async\" data-attachment-id=\"2812\" data-permalink=\"https:\/\/clarapacquet.com\/?attachment_id=2812\" data-orig-file=\"https:\/\/clarapacquet.com\/wp-content\/uploads\/2017\/07\/Bildschirmfoto-2017-09-06-um-13.53.47.png\" data-orig-size=\"496,674\" data-comments-opened=\"0\" data-image-meta=\"{&quot;aperture&quot;:&quot;0&quot;,&quot;credit&quot;:&quot;&quot;,&quot;camera&quot;:&quot;&quot;,&quot;caption&quot;:&quot;&quot;,&quot;created_timestamp&quot;:&quot;0&quot;,&quot;copyright&quot;:&quot;&quot;,&quot;focal_length&quot;:&quot;0&quot;,&quot;iso&quot;:&quot;0&quot;,&quot;shutter_speed&quot;:&quot;0&quot;,&quot;title&quot;:&quot;&quot;,&quot;orientation&quot;:&quot;0&quot;}\" data-image-title=\"Bildschirmfoto 2017-09-06 um 13.53.47\" data-image-description=\"\" data-image-caption=\"\" data-medium-file=\"https:\/\/clarapacquet.com\/wp-content\/uploads\/2017\/07\/Bildschirmfoto-2017-09-06-um-13.53.47-221x300.png\" data-large-file=\"https:\/\/clarapacquet.com\/wp-content\/uploads\/2017\/07\/Bildschirmfoto-2017-09-06-um-13.53.47.png\" class=\"alignnone wp-image-2812\" src=\"http:\/\/clarapacquet.com\/wp-content\/uploads\/2017\/07\/Bildschirmfoto-2017-09-06-um-13.53.47.png\" alt=\"\" width=\"370\" height=\"503\" srcset=\"https:\/\/clarapacquet.com\/wp-content\/uploads\/2017\/07\/Bildschirmfoto-2017-09-06-um-13.53.47.png 496w, https:\/\/clarapacquet.com\/wp-content\/uploads\/2017\/07\/Bildschirmfoto-2017-09-06-um-13.53.47-221x300.png 221w\" sizes=\"auto, (max-width: 370px) 100vw, 370px\" \/><\/a><\/p>\n","protected":false},"excerpt":{"rendered":"<p>&#8220;Peindre apr\u00e8s Gauguin&#8221; Article paru dans le\u00a0Dossier de l&#8217;art\u00a0N\u00b0 252 (septembre 2017) consacr\u00e9 \u00e0 l&#8217;exposition &#8220;Gauguin l&#8217;alchimiste&#8221; pr\u00e9sent\u00e9e au Grand Palais du 11 octobre 2017 au 22 janvier 2018. \u00c0&hellip;<\/p>\n","protected":false},"author":1,"featured_media":2672,"comment_status":"closed","ping_status":"closed","sticky":false,"template":"","format":"standard","meta":{"jetpack_post_was_ever_published":false,"_jetpack_newsletter_access":"","_jetpack_dont_email_post_to_subs":false,"_jetpack_newsletter_tier_id":0,"_jetpack_memberships_contains_paywalled_content":false,"_jetpack_memberships_contains_paid_content":false,"footnotes":"","jetpack_publicize_message":"","jetpack_publicize_feature_enabled":true,"jetpack_social_post_already_shared":true,"jetpack_social_options":{"image_generator_settings":{"template":"highway","default_image_id":0,"font":"","enabled":false},"version":2}},"categories":[54,17],"tags":[378,23,41,22,35,514,453,410],"class_list":["post-2671","post","type-post","status-publish","format-standard","has-post-thumbnail","hentry","category-presse","category-publications","tag-abstraction","tag-esthetique","tag-exposition","tag-histoire-de-lart","tag-ornement","tag-paul-gauguin","tag-postcolonialisme","tag-realisme"],"jetpack_publicize_connections":[],"jetpack_featured_media_url":"https:\/\/clarapacquet.com\/wp-content\/uploads\/2017\/07\/gauguin-e1499772885175.jpg","jetpack_sharing_enabled":true,"jetpack_shortlink":"https:\/\/wp.me\/p7PUdz-H5","jetpack-related-posts":[],"_links":{"self":[{"href":"https:\/\/clarapacquet.com\/index.php?rest_route=\/wp\/v2\/posts\/2671","targetHints":{"allow":["GET"]}}],"collection":[{"href":"https:\/\/clarapacquet.com\/index.php?rest_route=\/wp\/v2\/posts"}],"about":[{"href":"https:\/\/clarapacquet.com\/index.php?rest_route=\/wp\/v2\/types\/post"}],"author":[{"embeddable":true,"href":"https:\/\/clarapacquet.com\/index.php?rest_route=\/wp\/v2\/users\/1"}],"replies":[{"embeddable":true,"href":"https:\/\/clarapacquet.com\/index.php?rest_route=%2Fwp%2Fv2%2Fcomments&post=2671"}],"version-history":[{"count":13,"href":"https:\/\/clarapacquet.com\/index.php?rest_route=\/wp\/v2\/posts\/2671\/revisions"}],"predecessor-version":[{"id":2832,"href":"https:\/\/clarapacquet.com\/index.php?rest_route=\/wp\/v2\/posts\/2671\/revisions\/2832"}],"wp:featuredmedia":[{"embeddable":true,"href":"https:\/\/clarapacquet.com\/index.php?rest_route=\/wp\/v2\/media\/2672"}],"wp:attachment":[{"href":"https:\/\/clarapacquet.com\/index.php?rest_route=%2Fwp%2Fv2%2Fmedia&parent=2671"}],"wp:term":[{"taxonomy":"category","embeddable":true,"href":"https:\/\/clarapacquet.com\/index.php?rest_route=%2Fwp%2Fv2%2Fcategories&post=2671"},{"taxonomy":"post_tag","embeddable":true,"href":"https:\/\/clarapacquet.com\/index.php?rest_route=%2Fwp%2Fv2%2Ftags&post=2671"}],"curies":[{"name":"wp","href":"https:\/\/api.w.org\/{rel}","templated":true}]}}