{"id":3866,"date":"2019-02-05T16:13:30","date_gmt":"2019-02-05T16:13:30","guid":{"rendered":"http:\/\/clarapacquet.com\/?p=3866"},"modified":"2023-01-13T18:35:02","modified_gmt":"2023-01-13T18:35:02","slug":"franz-marc-august-macke","status":"publish","type":"post","link":"https:\/\/clarapacquet.com\/?p=3866&lang=fr","title":{"rendered":"[HORS-S\u00c9RIE] Franz Marc \/ August Macke"},"content":{"rendered":"\n<p>R\u00e9daction d&#8217;articles pour le hors-s\u00e9rie <a href=\"https:\/\/lobjet-dart-hors-serie.com\/numero-135\/franz-marc-august-macke.51483.php\" target=\"_blank\" rel=\"noreferrer noopener\">n\u00b0135<\/a> de <em>L&#8217;Objet d&#8217;art<\/em> publi\u00e9 \u00e0 l&#8217;occasion de l&#8217;exposition &#8220;Franz Marc \/ August Macke. L&#8217;aventure du Cavalier bleu&#8221; pr\u00e9sent\u00e9e au Mus\u00e9e de l&#8217;Orangerie du 6 mars au 17 juin 2019.<\/p>\n\n\n\n<p>Extrait du num\u00e9ro <a href=\"https:\/\/publications.faton.fr\/flip-decouverte\/OD\/OD-HS135\/?page=\/flip-decouverte\/OD\/OD-HS135\" target=\"_blank\" rel=\"noreferrer noopener\">ici<\/a>.<\/p>\n\n\n\n<figure class=\"wp-block-image is-resized\"><a href=\"https:\/\/www.estampille-objetdart.com\/numero-135\/franz-marc-august-macke.51483.php\" target=\"_blank\" rel=\"noreferrer noopener\"><img loading=\"lazy\" decoding=\"async\" data-attachment-id=\"3882\" data-permalink=\"https:\/\/clarapacquet.com\/?attachment_id=3882\" data-orig-file=\"https:\/\/clarapacquet.com\/wp-content\/uploads\/2019\/02\/Bildschirmfoto-2019-02-22-um-10.19.54.jpg\" data-orig-size=\"442,600\" data-comments-opened=\"0\" data-image-meta=\"{&quot;aperture&quot;:&quot;0&quot;,&quot;credit&quot;:&quot;&quot;,&quot;camera&quot;:&quot;&quot;,&quot;caption&quot;:&quot;&quot;,&quot;created_timestamp&quot;:&quot;0&quot;,&quot;copyright&quot;:&quot;&quot;,&quot;focal_length&quot;:&quot;0&quot;,&quot;iso&quot;:&quot;0&quot;,&quot;shutter_speed&quot;:&quot;0&quot;,&quot;title&quot;:&quot;&quot;,&quot;orientation&quot;:&quot;0&quot;}\" data-image-title=\"Bildschirmfoto 2019-02-22 um 10.19.54\" data-image-description=\"\" data-image-caption=\"\" data-medium-file=\"https:\/\/clarapacquet.com\/wp-content\/uploads\/2019\/02\/Bildschirmfoto-2019-02-22-um-10.19.54-221x300.jpg\" data-large-file=\"https:\/\/clarapacquet.com\/wp-content\/uploads\/2019\/02\/Bildschirmfoto-2019-02-22-um-10.19.54.jpg\" src=\"http:\/\/clarapacquet.com\/wp-content\/uploads\/2019\/02\/Bildschirmfoto-2019-02-22-um-10.19.54.jpg\" alt=\"\" class=\"wp-image-3882\" width=\"267\" height=\"362\" srcset=\"https:\/\/clarapacquet.com\/wp-content\/uploads\/2019\/02\/Bildschirmfoto-2019-02-22-um-10.19.54.jpg 442w, https:\/\/clarapacquet.com\/wp-content\/uploads\/2019\/02\/Bildschirmfoto-2019-02-22-um-10.19.54-221x300.jpg 221w\" sizes=\"auto, (max-width: 267px) 100vw, 267px\" \/><\/a><\/figure>\n","protected":false},"excerpt":{"rendered":"<p>R\u00e9daction d&#8217;articles pour le hors-s\u00e9rie n\u00b0135 de L&#8217;Objet d&#8217;art publi\u00e9 \u00e0 l&#8217;occasion de l&#8217;exposition &#8220;Franz Marc \/ August Macke. L&#8217;aventure du Cavalier bleu&#8221; pr\u00e9sent\u00e9e au Mus\u00e9e de l&#8217;Orangerie du 6&hellip;<\/p>\n","protected":false},"author":1,"featured_media":3867,"comment_status":"closed","ping_status":"closed","sticky":false,"template":"","format":"standard","meta":{"jetpack_post_was_ever_published":false,"_jetpack_newsletter_access":"","_jetpack_dont_email_post_to_subs":false,"_jetpack_newsletter_tier_id":0,"_jetpack_memberships_contains_paywalled_content":false,"_jetpack_memberships_contains_paid_content":false,"footnotes":"","jetpack_publicize_message":"","jetpack_publicize_feature_enabled":true,"jetpack_social_post_already_shared":true,"jetpack_social_options":{"image_generator_settings":{"template":"highway","default_image_id":0,"font":"","enabled":false},"version":2}},"categories":[54,17],"tags":[110,41,666,22,376,35,528,410],"class_list":["post-3866","post","type-post","status-publish","format-standard","has-post-thumbnail","hentry","category-presse","category-publications","tag-art-allemand","tag-exposition","tag-expressionnisme-allemand","tag-histoire-de-lart","tag-mystique","tag-ornement","tag-peinture","tag-realisme"],"jetpack_publicize_connections":[],"jetpack_featured_media_url":"https:\/\/clarapacquet.com\/wp-content\/uploads\/2019\/02\/seiltaenzer.jpg","jetpack_sharing_enabled":false,"jetpack_shortlink":"https:\/\/wp.me\/p7PUdz-10m","jetpack-related-posts":[],"_links":{"self":[{"href":"https:\/\/clarapacquet.com\/index.php?rest_route=\/wp\/v2\/posts\/3866","targetHints":{"allow":["GET"]}}],"collection":[{"href":"https:\/\/clarapacquet.com\/index.php?rest_route=\/wp\/v2\/posts"}],"about":[{"href":"https:\/\/clarapacquet.com\/index.php?rest_route=\/wp\/v2\/types\/post"}],"author":[{"embeddable":true,"href":"https:\/\/clarapacquet.com\/index.php?rest_route=\/wp\/v2\/users\/1"}],"replies":[{"embeddable":true,"href":"https:\/\/clarapacquet.com\/index.php?rest_route=%2Fwp%2Fv2%2Fcomments&post=3866"}],"version-history":[{"count":6,"href":"https:\/\/clarapacquet.com\/index.php?rest_route=\/wp\/v2\/posts\/3866\/revisions"}],"predecessor-version":[{"id":4923,"href":"https:\/\/clarapacquet.com\/index.php?rest_route=\/wp\/v2\/posts\/3866\/revisions\/4923"}],"wp:featuredmedia":[{"embeddable":true,"href":"https:\/\/clarapacquet.com\/index.php?rest_route=\/wp\/v2\/media\/3867"}],"wp:attachment":[{"href":"https:\/\/clarapacquet.com\/index.php?rest_route=%2Fwp%2Fv2%2Fmedia&parent=3866"}],"wp:term":[{"taxonomy":"category","embeddable":true,"href":"https:\/\/clarapacquet.com\/index.php?rest_route=%2Fwp%2Fv2%2Fcategories&post=3866"},{"taxonomy":"post_tag","embeddable":true,"href":"https:\/\/clarapacquet.com\/index.php?rest_route=%2Fwp%2Fv2%2Ftags&post=3866"}],"curies":[{"name":"wp","href":"https:\/\/api.w.org\/{rel}","templated":true}]}}