{"id":3879,"date":"2019-02-21T12:16:06","date_gmt":"2019-02-21T12:16:06","guid":{"rendered":"http:\/\/clarapacquet.com\/?p=3879"},"modified":"2023-01-13T18:36:43","modified_gmt":"2023-01-13T18:36:43","slug":"sonderheft-franz-marc-august-macke","status":"publish","type":"post","link":"https:\/\/clarapacquet.com\/?p=3879&lang=de","title":{"rendered":"[SONDERHEFT] Franz Marc \/ August Macke"},"content":{"rendered":"\n<p>Anl\u00e4sslich der Ausstellung &#8220;Franz Marc\/August Macke. L&#8217;aventure du Cavalier bleu&#8221;, die vom 6. M\u00e4rz bis 17. Juni 2019 im Mus\u00e9e de l&#8217;Orangerie pr\u00e4sentiert wird, hat die franz\u00f6sische Kunstzeitschrift <em>L&#8217;Objet d&#8217;art<\/em> eine Sonderausgabe ver\u00f6ffentlicht. Im Rahmen dieses Heftes <a href=\"https:\/\/lobjet-dart-hors-serie.com\/numero-135\/franz-marc-august-macke.51483.php\" target=\"_blank\" rel=\"noreferrer noopener\">Nr. 135<\/a> habe ich mehrere Texte verfasst.<\/p>\n\n\n\n<p>Leseprobe <a href=\"https:\/\/publications.faton.fr\/flip-decouverte\/OD\/OD-HS135\/?page=\/flip-decouverte\/OD\/OD-HS135\" target=\"_blank\" rel=\"noreferrer noopener\">hier<\/a>.<\/p>\n\n\n\n<figure class=\"wp-block-image is-resized\"><a href=\"https:\/\/www.estampille-objetdart.com\/numero-135\/franz-marc-august-macke.51483.php\" target=\"_blank\" rel=\"noreferrer noopener\"><img loading=\"lazy\" decoding=\"async\" src=\"http:\/\/clarapacquet.com\/wp-content\/uploads\/2019\/02\/Bildschirmfoto-2019-02-22-um-10.19.54.jpg\" alt=\"This image has an empty alt attribute; its file name is Bildschirmfoto-2019-02-22-um-10.19.54.jpg\" width=\"264\" height=\"358\"\/><\/a><\/figure>\n","protected":false},"excerpt":{"rendered":"<p>Anl\u00e4sslich der Ausstellung &#8220;Franz Marc\/August Macke. L&#8217;aventure du Cavalier bleu&#8221;, die vom 6. M\u00e4rz bis 17. Juni 2019 im Mus\u00e9e de l&#8217;Orangerie pr\u00e4sentiert wird, hat die franz\u00f6sische Kunstzeitschrift L&#8217;Objet d&#8217;art&hellip;<\/p>\n","protected":false},"author":1,"featured_media":3867,"comment_status":"closed","ping_status":"closed","sticky":false,"template":"","format":"standard","meta":{"jetpack_post_was_ever_published":false,"_jetpack_newsletter_access":"","_jetpack_dont_email_post_to_subs":false,"_jetpack_newsletter_tier_id":0,"_jetpack_memberships_contains_paywalled_content":false,"_jetpack_memberships_contains_paid_content":false,"footnotes":"","jetpack_publicize_message":"","jetpack_publicize_feature_enabled":true,"jetpack_social_post_already_shared":true,"jetpack_social_options":{"image_generator_settings":{"template":"highway","default_image_id":0,"font":"","enabled":false},"version":2}},"categories":[163,167],"tags":[219,183,231,251],"class_list":["post-3879","post","type-post","status-publish","format-standard","has-post-thumbnail","hentry","category-pressezeitschriften","category-publikationen","tag-ausstellung","tag-deutsche-kunst","tag-kunstgeschichte","tag-ornament-de"],"jetpack_publicize_connections":[],"jetpack_featured_media_url":"https:\/\/clarapacquet.com\/wp-content\/uploads\/2019\/02\/seiltaenzer.jpg","jetpack_sharing_enabled":false,"jetpack_shortlink":"https:\/\/wp.me\/p7PUdz-10z","jetpack-related-posts":[],"_links":{"self":[{"href":"https:\/\/clarapacquet.com\/index.php?rest_route=\/wp\/v2\/posts\/3879","targetHints":{"allow":["GET"]}}],"collection":[{"href":"https:\/\/clarapacquet.com\/index.php?rest_route=\/wp\/v2\/posts"}],"about":[{"href":"https:\/\/clarapacquet.com\/index.php?rest_route=\/wp\/v2\/types\/post"}],"author":[{"embeddable":true,"href":"https:\/\/clarapacquet.com\/index.php?rest_route=\/wp\/v2\/users\/1"}],"replies":[{"embeddable":true,"href":"https:\/\/clarapacquet.com\/index.php?rest_route=%2Fwp%2Fv2%2Fcomments&post=3879"}],"version-history":[{"count":7,"href":"https:\/\/clarapacquet.com\/index.php?rest_route=\/wp\/v2\/posts\/3879\/revisions"}],"predecessor-version":[{"id":4925,"href":"https:\/\/clarapacquet.com\/index.php?rest_route=\/wp\/v2\/posts\/3879\/revisions\/4925"}],"wp:featuredmedia":[{"embeddable":true,"href":"https:\/\/clarapacquet.com\/index.php?rest_route=\/wp\/v2\/media\/3867"}],"wp:attachment":[{"href":"https:\/\/clarapacquet.com\/index.php?rest_route=%2Fwp%2Fv2%2Fmedia&parent=3879"}],"wp:term":[{"taxonomy":"category","embeddable":true,"href":"https:\/\/clarapacquet.com\/index.php?rest_route=%2Fwp%2Fv2%2Fcategories&post=3879"},{"taxonomy":"post_tag","embeddable":true,"href":"https:\/\/clarapacquet.com\/index.php?rest_route=%2Fwp%2Fv2%2Ftags&post=3879"}],"curies":[{"name":"wp","href":"https:\/\/api.w.org\/{rel}","templated":true}]}}