{"id":4863,"date":"2022-11-04T18:21:51","date_gmt":"2022-11-04T18:21:51","guid":{"rendered":"http:\/\/clarapacquet.com\/?p=4863"},"modified":"2022-11-04T18:30:17","modified_gmt":"2022-11-04T18:30:17","slug":"hors-serie-sam-szafran","status":"publish","type":"post","link":"https:\/\/clarapacquet.com\/?p=4863&lang=fr","title":{"rendered":"[HORS-S\u00c9RIE] Sam Szafran"},"content":{"rendered":"\n<p>R\u00e9daction de quatre articles (&#8220;Premi\u00e8res ann\u00e9es. La gen\u00e8se d\u2019un \u0153uvre&#8221;, &#8220;L\u2019espace infini des vues d\u2019atelier&#8221;, &#8220;Dans la spirale des escaliers&#8221; et &#8220;Un labyrinthe de feuilles et de lianes&#8221;) publi\u00e9s dans le hors-s\u00e9rie <a rel=\"noreferrer noopener\" href=\"https:\/\/lobjet-dart-hors-serie.com\/numero-162\/sam-szafran-obsessions-d-un-peintre.53184.php\" target=\"_blank\">N\u00b0 162<\/a> de\u00a0<a rel=\"noreferrer noopener\" href=\"https:\/\/lobjet-dart-hors-serie.com\/numero-162\/sam-szafran-obsessions-d-un-peintre.53184.php\" target=\"_blank\"><em>L\u2019Objet d\u2019art<\/em>\u00a0<\/a>(septembre 2022) d\u00e9di\u00e9 \u00e0 l&#8217;exposition &#8220;Sam Szafran. Obsessions d\u2019un peintre&#8221; au Mus\u00e9e de l\u2019Orangerie (du 28 septembre 2022 au 16 janvier 2023), p. 20-49.<\/p>\n\n\n\n<figure class=\"wp-block-image size-full\"><img loading=\"lazy\" decoding=\"async\" width=\"548\" height=\"743\" data-attachment-id=\"4865\" data-permalink=\"https:\/\/clarapacquet.com\/?attachment_id=4865\" data-orig-file=\"https:\/\/clarapacquet.com\/wp-content\/uploads\/2022\/11\/Bildschirmfoto-2022-11-04-um-19.20.38.png\" data-orig-size=\"548,743\" data-comments-opened=\"0\" data-image-meta=\"{&quot;aperture&quot;:&quot;0&quot;,&quot;credit&quot;:&quot;&quot;,&quot;camera&quot;:&quot;&quot;,&quot;caption&quot;:&quot;&quot;,&quot;created_timestamp&quot;:&quot;0&quot;,&quot;copyright&quot;:&quot;&quot;,&quot;focal_length&quot;:&quot;0&quot;,&quot;iso&quot;:&quot;0&quot;,&quot;shutter_speed&quot;:&quot;0&quot;,&quot;title&quot;:&quot;&quot;,&quot;orientation&quot;:&quot;0&quot;}\" data-image-title=\"Bildschirmfoto-2022-11-04-um-19.20.38\" data-image-description=\"\" data-image-caption=\"\" data-medium-file=\"https:\/\/clarapacquet.com\/wp-content\/uploads\/2022\/11\/Bildschirmfoto-2022-11-04-um-19.20.38-221x300.png\" data-large-file=\"https:\/\/clarapacquet.com\/wp-content\/uploads\/2022\/11\/Bildschirmfoto-2022-11-04-um-19.20.38.png\" src=\"http:\/\/clarapacquet.com\/wp-content\/uploads\/2022\/11\/Bildschirmfoto-2022-11-04-um-19.20.38.png\" alt=\"\" class=\"wp-image-4865\" srcset=\"https:\/\/clarapacquet.com\/wp-content\/uploads\/2022\/11\/Bildschirmfoto-2022-11-04-um-19.20.38.png 548w, https:\/\/clarapacquet.com\/wp-content\/uploads\/2022\/11\/Bildschirmfoto-2022-11-04-um-19.20.38-221x300.png 221w\" sizes=\"auto, (max-width: 548px) 100vw, 548px\" \/><\/figure>\n","protected":false},"excerpt":{"rendered":"<p>R\u00e9daction de quatre articles (&#8220;Premi\u00e8res ann\u00e9es. La gen\u00e8se d\u2019un \u0153uvre&#8221;, &#8220;L\u2019espace infini des vues d\u2019atelier&#8221;, &#8220;Dans la spirale des escaliers&#8221; et &#8220;Un labyrinthe de feuilles et de lianes&#8221;) publi\u00e9s dans&hellip;<\/p>\n","protected":false},"author":1,"featured_media":4864,"comment_status":"closed","ping_status":"closed","sticky":false,"template":"","format":"standard","meta":{"jetpack_post_was_ever_published":false,"_jetpack_newsletter_access":"","_jetpack_dont_email_post_to_subs":false,"_jetpack_newsletter_tier_id":0,"_jetpack_memberships_contains_paywalled_content":false,"_jetpack_memberships_contains_paid_content":false,"footnotes":"","jetpack_publicize_message":"","jetpack_publicize_feature_enabled":true,"jetpack_social_post_already_shared":true,"jetpack_social_options":{"image_generator_settings":{"template":"highway","default_image_id":0,"font":"","enabled":false},"version":2}},"categories":[54,17],"tags":[],"class_list":["post-4863","post","type-post","status-publish","format-standard","has-post-thumbnail","hentry","category-presse","category-publications"],"jetpack_publicize_connections":[],"jetpack_featured_media_url":"https:\/\/clarapacquet.com\/wp-content\/uploads\/2022\/11\/637587387570467054-1-e1667586971356.jpeg","jetpack_sharing_enabled":true,"jetpack_shortlink":"https:\/\/wp.me\/p7PUdz-1gr","jetpack-related-posts":[],"_links":{"self":[{"href":"https:\/\/clarapacquet.com\/index.php?rest_route=\/wp\/v2\/posts\/4863","targetHints":{"allow":["GET"]}}],"collection":[{"href":"https:\/\/clarapacquet.com\/index.php?rest_route=\/wp\/v2\/posts"}],"about":[{"href":"https:\/\/clarapacquet.com\/index.php?rest_route=\/wp\/v2\/types\/post"}],"author":[{"embeddable":true,"href":"https:\/\/clarapacquet.com\/index.php?rest_route=\/wp\/v2\/users\/1"}],"replies":[{"embeddable":true,"href":"https:\/\/clarapacquet.com\/index.php?rest_route=%2Fwp%2Fv2%2Fcomments&post=4863"}],"version-history":[{"count":2,"href":"https:\/\/clarapacquet.com\/index.php?rest_route=\/wp\/v2\/posts\/4863\/revisions"}],"predecessor-version":[{"id":4871,"href":"https:\/\/clarapacquet.com\/index.php?rest_route=\/wp\/v2\/posts\/4863\/revisions\/4871"}],"wp:featuredmedia":[{"embeddable":true,"href":"https:\/\/clarapacquet.com\/index.php?rest_route=\/wp\/v2\/media\/4864"}],"wp:attachment":[{"href":"https:\/\/clarapacquet.com\/index.php?rest_route=%2Fwp%2Fv2%2Fmedia&parent=4863"}],"wp:term":[{"taxonomy":"category","embeddable":true,"href":"https:\/\/clarapacquet.com\/index.php?rest_route=%2Fwp%2Fv2%2Fcategories&post=4863"},{"taxonomy":"post_tag","embeddable":true,"href":"https:\/\/clarapacquet.com\/index.php?rest_route=%2Fwp%2Fv2%2Ftags&post=4863"}],"curies":[{"name":"wp","href":"https:\/\/api.w.org\/{rel}","templated":true}]}}