{"id":5094,"date":"2024-05-16T16:55:21","date_gmt":"2024-05-16T16:55:21","guid":{"rendered":"https:\/\/clarapacquet.com\/?p=5094"},"modified":"2025-12-18T17:42:34","modified_gmt":"2025-12-18T17:42:34","slug":"buch-uber-das-ornament","status":"publish","type":"post","link":"https:\/\/clarapacquet.com\/?p=5094&lang=de","title":{"rendered":"[BUCH] \u00dcber das Ornament"},"content":{"rendered":"\n<figure class=\"wp-block-image size-full is-resized\"><a href=\"https:\/\/presses.ens.psl.eu\/sur-l-ornement.html\" target=\"_blank\" rel=\"noreferrer noopener\"><img loading=\"lazy\" decoding=\"async\" width=\"560\" height=\"729\" data-attachment-id=\"5042\" data-permalink=\"https:\/\/clarapacquet.com\/?attachment_id=5042\" data-orig-file=\"https:\/\/clarapacquet.com\/wp-content\/uploads\/2024\/04\/image.png\" data-orig-size=\"560,729\" data-comments-opened=\"0\" data-image-meta=\"{&quot;aperture&quot;:&quot;0&quot;,&quot;credit&quot;:&quot;&quot;,&quot;camera&quot;:&quot;&quot;,&quot;caption&quot;:&quot;&quot;,&quot;created_timestamp&quot;:&quot;0&quot;,&quot;copyright&quot;:&quot;&quot;,&quot;focal_length&quot;:&quot;0&quot;,&quot;iso&quot;:&quot;0&quot;,&quot;shutter_speed&quot;:&quot;0&quot;,&quot;title&quot;:&quot;&quot;,&quot;orientation&quot;:&quot;0&quot;}\" data-image-title=\"image\" data-image-description=\"\" data-image-caption=\"\" data-medium-file=\"https:\/\/clarapacquet.com\/wp-content\/uploads\/2024\/04\/image-230x300.png\" data-large-file=\"https:\/\/clarapacquet.com\/wp-content\/uploads\/2024\/04\/image.png\" src=\"http:\/\/clarapacquet.com\/wp-content\/uploads\/2024\/04\/image.png\" alt=\"\" class=\"wp-image-5042\" style=\"width:342px;height:auto\" srcset=\"https:\/\/clarapacquet.com\/wp-content\/uploads\/2024\/04\/image.png 560w, https:\/\/clarapacquet.com\/wp-content\/uploads\/2024\/04\/image-230x300.png 230w\" sizes=\"auto, (max-width: 560px) 100vw, 560px\" \/><\/a><\/figure>\n\n\n\n<p><a href=\"https:\/\/presses.ens.psl.eu\/sur-l-ornement.html\" target=\"_blank\" rel=\"noreferrer noopener\">\u00dcber das Ornament<\/a><strong> von Karl Philipp Moritz \/\/ <strong>Herausgegeben von Clara Pacquet<\/strong> \/\/ <strong>Vorwort von Dani\u00e8le Cohn<\/strong><\/strong><\/p>\n\n\n\n<p>Dies ist eine neue, \u00fcberarbeitete und erweiterte Ausgabe von <a href=\"http:\/\/clarapacquet.com\/?p=63&amp;lang=fr\" data-type=\"link\" data-id=\"http:\/\/clarapacquet.com\/?p=63&amp;lang=fr\" target=\"_blank\" rel=\"noreferrer noopener\"><em>Sur l&#8217;ornement<\/em> <\/a>(2008, vergriffen). Ver\u00f6ffentlicht von den Presses de l&#8217;ENS, \u00c9ditions Rue d&#8217;Ulm, in der Reihe &#8220;Versions fran\u00e7aises.&#8221;<\/p>\n\n\n\n<p>Die Debatte \u00fcber das Ornament, die uns durch die Arbeiten des Kunsthistorikers Alo\u00efs Riegl (1858\u20131905) und Adolf Loos&#8217; ber\u00fchmtes Pamphlet <em>Ornament und Verbrechen<\/em> (1908) sowie durch die Positionen der K\u00fcnstler des Modernismus und der Minimal Art vertraut gemacht wurde, ist Teil einer langen Geschichte. Die <em>Vorl\u00e4ufigen Begriffe zu einer Theorie der Ornamente<\/em> von Karl Philipp Moritz, ver\u00f6ffentlicht 1793, stellen einen entscheidenden Meilenstein in dieser Geschichte dar.<\/p>\n\n\n\n<p>Moritz verwendet empirische Forschung und Beschreibung, um eine Theorie der Ornamente zu entwickeln. Dabei st\u00fctzt er sich auf die Untersuchung von Motiven sowie auf Erkenntnisse, die er auf einer langen Italienreise und bei der Beobachtung von Berliner Wohnh\u00e4usern gewann. Er stellt Ornamente als ein unverzichtbares Element der \u00c4sthetik dar, wie sie im Zeitalter der Aufkl\u00e4rung verstanden wurde. Im Gegensatz zur Allegorie sind Ornamente freie Formen, die nichts imitieren oder bedeuten. Sie verweisen im Rahmen einer Definition des Sch\u00f6nen auf die anthropologische Dimension des Kunstbed\u00fcrfnisses und f\u00f6rdern die Vorstellungskraft.<\/p>\n\n\n\n<p>Im Kontext der Berliner Akademie der K\u00fcnste verfasst, hat dieser Text einen bildenden Zweck und erf\u00fcllt zugleich eine politische Funktion in einer Zeit zunehmender Industrialisierung der angewandten K\u00fcnste um 1800.<\/p>\n\n\n\n<p><strong>Erscheinungsdatum: 9. Mai 2024.<\/strong><\/p>\n","protected":false},"excerpt":{"rendered":"<p>\u00dcber das Ornament von Karl Philipp Moritz \/\/ Herausgegeben von Clara Pacquet \/\/ Vorwort von Dani\u00e8le Cohn Dies ist eine neue, \u00fcberarbeitete und erweiterte Ausgabe von Sur l&#8217;ornement (2008, vergriffen).&hellip;<\/p>\n","protected":false},"author":1,"featured_media":5043,"comment_status":"closed","ping_status":"closed","sticky":false,"template":"","format":"standard","meta":{"jetpack_post_was_ever_published":false,"_jetpack_newsletter_access":"","_jetpack_dont_email_post_to_subs":false,"_jetpack_newsletter_tier_id":0,"_jetpack_memberships_contains_paywalled_content":false,"_jetpack_memberships_contains_paid_content":false,"footnotes":"","jetpack_publicize_message":"","jetpack_publicize_feature_enabled":true,"jetpack_social_post_already_shared":true,"jetpack_social_options":{"image_generator_settings":{"template":"highway","default_image_id":0,"font":"","enabled":false},"version":2}},"categories":[159,167],"tags":[241,251],"class_list":["post-5094","post","type-post","status-publish","format-standard","has-post-thumbnail","hentry","category-bucher","category-publikationen","tag-karl-philipp-moritz-de","tag-ornament-de"],"jetpack_publicize_connections":[],"jetpack_featured_media_url":"https:\/\/clarapacquet.com\/wp-content\/uploads\/2024\/04\/Bildschirmfoto-2023-10-24-um-14.13.31.png","jetpack_sharing_enabled":true,"jetpack_shortlink":"https:\/\/wp.me\/p7PUdz-1ka","jetpack-related-posts":[],"_links":{"self":[{"href":"https:\/\/clarapacquet.com\/index.php?rest_route=\/wp\/v2\/posts\/5094","targetHints":{"allow":["GET"]}}],"collection":[{"href":"https:\/\/clarapacquet.com\/index.php?rest_route=\/wp\/v2\/posts"}],"about":[{"href":"https:\/\/clarapacquet.com\/index.php?rest_route=\/wp\/v2\/types\/post"}],"author":[{"embeddable":true,"href":"https:\/\/clarapacquet.com\/index.php?rest_route=\/wp\/v2\/users\/1"}],"replies":[{"embeddable":true,"href":"https:\/\/clarapacquet.com\/index.php?rest_route=%2Fwp%2Fv2%2Fcomments&post=5094"}],"version-history":[{"count":1,"href":"https:\/\/clarapacquet.com\/index.php?rest_route=\/wp\/v2\/posts\/5094\/revisions"}],"predecessor-version":[{"id":5095,"href":"https:\/\/clarapacquet.com\/index.php?rest_route=\/wp\/v2\/posts\/5094\/revisions\/5095"}],"wp:featuredmedia":[{"embeddable":true,"href":"https:\/\/clarapacquet.com\/index.php?rest_route=\/wp\/v2\/media\/5043"}],"wp:attachment":[{"href":"https:\/\/clarapacquet.com\/index.php?rest_route=%2Fwp%2Fv2%2Fmedia&parent=5094"}],"wp:term":[{"taxonomy":"category","embeddable":true,"href":"https:\/\/clarapacquet.com\/index.php?rest_route=%2Fwp%2Fv2%2Fcategories&post=5094"},{"taxonomy":"post_tag","embeddable":true,"href":"https:\/\/clarapacquet.com\/index.php?rest_route=%2Fwp%2Fv2%2Ftags&post=5094"}],"curies":[{"name":"wp","href":"https:\/\/api.w.org\/{rel}","templated":true}]}}